{"id":35684,"date":"2021-10-16T09:10:28","date_gmt":"2021-10-16T12:10:28","guid":{"rendered":"http:\/\/www.centraldenoticias.com.ar\/?p=35684"},"modified":"2021-10-16T11:13:11","modified_gmt":"2021-10-16T14:13:11","slug":"entrega-de-jubilaciones-por-tareas-de-cuidado-ya-iniciaron-el-tramite-281-madres","status":"publish","type":"post","link":"https:\/\/cdnoticias.com\/index.php\/2021\/10\/16\/entrega-de-jubilaciones-por-tareas-de-cuidado-ya-iniciaron-el-tramite-281-madres\/","title":{"rendered":"Entrega de jubilaciones por tareas de cuidado: \u201cya iniciaron el tramite 281 madres\u201d"},"content":{"rendered":"<p>Durante la tarde del viernes el Secretario General de Anses junto a Maximiliano Wesner entregaron 15 nuevos reconocimientos.<!--more--><\/p>\n<hr \/>\n<p>En un breve acto realizado el viernes en la sociedad de Fomento Mariano Moreno, <strong>15 madres recibieron sus resoluciones<\/strong> de la mano del Secretario General de ANSES, Santiago Fraschina, el director local Maximiliano Wesner y Marisa Mangiafesta y Soledad Nicollier, trabajadoras de la UDAI.<\/p>\n<p>&nbsp;<\/p>\n<p>En agosto ANSES implement\u00f3 el <strong>reconocimiento de aportes por tareas de cuidado<\/strong>, una nueva pol\u00edtica p\u00fablica para mujeres en edad de jubilarse, que no cuenten con los a\u00f1os de aportes necesarios y tengan hijas y\/o hijos.<\/p>\n<p>&nbsp;<\/p>\n<p>Resaltaron que la medida<em> \u201c<strong>visibiliza y repara una desigualdad hist\u00f3rica y estructural en la distribuci\u00f3n de las tareas de cuidado<\/strong>, reconociendo y valorando el tiempo que las mujeres destinaron y destinan a la crianza de sus hijos e hijas\u201d.<\/em><\/p>\n<p>&nbsp;<\/p>\n<p><img data-recalc-dims=\"1\" loading=\"lazy\" decoding=\"async\" class=\"alignnone size-full wp-image-35685\" src=\"https:\/\/i0.wp.com\/cdnoticias.com\/wp-content\/uploads\/2021\/10\/WhatsApp-Image-2021-10-16-at-08.44.57.jpeg?resize=800%2C530&#038;ssl=1\" alt=\"\" width=\"800\" height=\"530\" srcset=\"https:\/\/i0.wp.com\/cdnoticias.com\/wp-content\/uploads\/2021\/10\/WhatsApp-Image-2021-10-16-at-08.44.57.jpeg?w=1232&amp;ssl=1 1232w, https:\/\/i0.wp.com\/cdnoticias.com\/wp-content\/uploads\/2021\/10\/WhatsApp-Image-2021-10-16-at-08.44.57.jpeg?resize=300%2C199&amp;ssl=1 300w, https:\/\/i0.wp.com\/cdnoticias.com\/wp-content\/uploads\/2021\/10\/WhatsApp-Image-2021-10-16-at-08.44.57.jpeg?resize=768%2C509&amp;ssl=1 768w, https:\/\/i0.wp.com\/cdnoticias.com\/wp-content\/uploads\/2021\/10\/WhatsApp-Image-2021-10-16-at-08.44.57.jpeg?resize=1024%2C678&amp;ssl=1 1024w\" sizes=\"auto, (max-width: 800px) 100vw, 800px\" \/><\/p>\n<p>&nbsp;<\/p>\n<p><strong>Fraschina<\/strong> indic\u00f3: <em>\u201ces un orgullo, un honor y un placer estar ac\u00e1. Agradezco a los trabajadores de la ANSES no solo por esta pol\u00edtica p\u00fablica de tareas de cuidado sino porque se pusieron al hombro la apertura de la oficina, en el medio de la pandemia. Felicitar a Maxi porque sabemos c\u00f3mo viene funcionando, nosotros tenemos los datos que reflejan lo que digo\u201d.<\/em><\/p>\n<p>&nbsp;<\/p>\n<p><em>\u201cPara nosotros es importante esto, esta pol\u00edtica p\u00fablica la venimos pensando hace 6 meses. Nunca existi\u00f3 en Argentina, es una novedad. Por eso nos gusta estar ac\u00e1, es muy emocionante esta entrega, verla materializada. Solamente el 10% de las mujeres argentinas cumplen con los aportes necesarios para jubilarse. <strong>El 76% de las tareas del hogar hoy las hacen las mujeres, esto es una causa central, despu\u00e9s no se pueden jubilar y por eso hay que reconocerlo como a\u00f1os de aportes.<\/strong> Es una pol\u00edtica que viene a quedarse. Este a\u00f1o estimamos que van a ser 152.000 madres las que van a poder jubilarse\u201d<\/em>, se\u00f1al\u00f3 Fraschina.<\/p>\n<p>&nbsp;<\/p>\n<p><img data-recalc-dims=\"1\" loading=\"lazy\" decoding=\"async\" class=\"alignnone size-full wp-image-35688\" src=\"https:\/\/i0.wp.com\/cdnoticias.com\/wp-content\/uploads\/2021\/10\/WhatsApp-Image-2021-10-16-at-08.44.54.jpeg?resize=800%2C646&#038;ssl=1\" alt=\"\" width=\"800\" height=\"646\" srcset=\"https:\/\/i0.wp.com\/cdnoticias.com\/wp-content\/uploads\/2021\/10\/WhatsApp-Image-2021-10-16-at-08.44.54.jpeg?w=1292&amp;ssl=1 1292w, https:\/\/i0.wp.com\/cdnoticias.com\/wp-content\/uploads\/2021\/10\/WhatsApp-Image-2021-10-16-at-08.44.54.jpeg?resize=300%2C242&amp;ssl=1 300w, https:\/\/i0.wp.com\/cdnoticias.com\/wp-content\/uploads\/2021\/10\/WhatsApp-Image-2021-10-16-at-08.44.54.jpeg?resize=768%2C621&amp;ssl=1 768w, https:\/\/i0.wp.com\/cdnoticias.com\/wp-content\/uploads\/2021\/10\/WhatsApp-Image-2021-10-16-at-08.44.54.jpeg?resize=1024%2C827&amp;ssl=1 1024w\" sizes=\"auto, (max-width: 800px) 100vw, 800px\" \/><\/p>\n<p>&nbsp;<\/p>\n<p>En la misma l\u00ednea Maximiliano Wesner destac\u00f3 que <em>\u201ce<strong>n Olavarr\u00eda ya iniciaron el tramite 281 madres y 60 ya est\u00e1n cobrando&#8221; <\/strong><\/em>y agreg\u00f3: &#8220;<em>estimamos que hay un total de 1.185 mujeres que podr\u00e1n jubilarse y no se trata de un regalo es un derecho, por eso hay que defenderlo. Es muy emocionante encontrarnos y poder de alguna forma reconocer el gran trabajo que han hecho durante toda su vida\u201d.<\/em><\/p>\n<p>&nbsp;<\/p>\n<p>Desde su implementaci\u00f3n, iniciaron su jubilaci\u00f3n en el pa\u00eds 93.372 madres y en la provincia 34.449.<\/p>\n","protected":false},"excerpt":{"rendered":"<p>Durante la tarde del viernes el Secretario General de Anses junto a Maximiliano Wesner entregaron 15 nuevos reconocimientos.<\/p>\n","protected":false},"author":5,"featured_media":35686,"comment_status":"closed","ping_status":"closed","sticky":false,"template":"","format":"standard","meta":{"_jetpack_memberships_contains_paid_content":false,"footnotes":""},"categories":[5,1],"tags":[],"class_list":["post-35684","post","type-post","status-publish","format-standard","has-post-thumbnail","hentry","category-informacion-general","category-portada"],"jetpack_featured_media_url":"https:\/\/i0.wp.com\/cdnoticias.com\/wp-content\/uploads\/2021\/10\/WhatsApp-Image-2021-10-16-at-08.44.56-1.jpeg?fit=995%2C804&ssl=1","jetpack_sharing_enabled":true,"_links":{"self":[{"href":"https:\/\/cdnoticias.com\/index.php\/wp-json\/wp\/v2\/posts\/35684","targetHints":{"allow":["GET"]}}],"collection":[{"href":"https:\/\/cdnoticias.com\/index.php\/wp-json\/wp\/v2\/posts"}],"about":[{"href":"https:\/\/cdnoticias.com\/index.php\/wp-json\/wp\/v2\/types\/post"}],"author":[{"embeddable":true,"href":"https:\/\/cdnoticias.com\/index.php\/wp-json\/wp\/v2\/users\/5"}],"replies":[{"embeddable":true,"href":"https:\/\/cdnoticias.com\/index.php\/wp-json\/wp\/v2\/comments?post=35684"}],"version-history":[{"count":0,"href":"https:\/\/cdnoticias.com\/index.php\/wp-json\/wp\/v2\/posts\/35684\/revisions"}],"wp:featuredmedia":[{"embeddable":true,"href":"https:\/\/cdnoticias.com\/index.php\/wp-json\/wp\/v2\/media\/35686"}],"wp:attachment":[{"href":"https:\/\/cdnoticias.com\/index.php\/wp-json\/wp\/v2\/media?parent=35684"}],"wp:term":[{"taxonomy":"category","embeddable":true,"href":"https:\/\/cdnoticias.com\/index.php\/wp-json\/wp\/v2\/categories?post=35684"},{"taxonomy":"post_tag","embeddable":true,"href":"https:\/\/cdnoticias.com\/index.php\/wp-json\/wp\/v2\/tags?post=35684"}],"curies":[{"name":"wp","href":"https:\/\/api.w.org\/{rel}","templated":true}]}}