{"id":35665,"date":"2021-10-15T20:00:26","date_gmt":"2021-10-15T23:00:26","guid":{"rendered":"http:\/\/www.centraldenoticias.com.ar\/?p=35665"},"modified":"2021-10-15T20:00:26","modified_gmt":"2021-10-15T23:00:26","slug":"en-un-allanamiento-recuperaron-una-puerta-robada","status":"publish","type":"post","link":"https:\/\/cdnoticias.com\/index.php\/2021\/10\/15\/en-un-allanamiento-recuperaron-una-puerta-robada\/","title":{"rendered":"En un allanamiento recuperaron una puerta robada"},"content":{"rendered":"<p>Se trat\u00f3 de labores desarrolladas desde la Comisar\u00eda Segunda, con la direcci\u00f3n de la doctora Mirta Deroni.<!--more--><\/p>\n<hr \/>\n<p>En las \u00faltimas horas personal de la comisar\u00eda Segunda llev\u00f3 adelante un allanamiento que permiti\u00f3 el hallazgo y <strong>secuestro de una puerta que d\u00edas atr\u00e1s hab\u00eda sido robada del interior de un predio ubicado sobre C\u00f3rdoba al 3400.<\/strong><\/p>\n<p>&nbsp;<\/p>\n<p>De acuerdo con lo que se narr\u00f3 por v\u00edas oficiales, el hecho se registr\u00f3 en los \u00faltimos d\u00edas del pasado mes de septiembre, cuando <strong>desconocidos se hab\u00edan apoderado de una puerta de chapa de 2,10 metros de alto por 0,80 metros de ancho de color negra.<\/strong><\/p>\n<p>&nbsp;<\/p>\n<p>Las tareas encabezadas desde el gabinete de investigaci\u00f3n de la comisaria Segunda, a las \u00f3rdenes de la doctora Mirta Deroni de la ayudant\u00eda fiscal en delitos cometidos por autores ignorados, <strong>cerraron el cerco sobre un domicilio en Roque S\u00e1enz Pe\u00f1a al 5400, propiedad que este viernes fue objetivo de un allanamiento.<\/strong><\/p>\n<p>&nbsp;<\/p>\n<p>Seg\u00fan se a\u00f1adi\u00f3, con la anuncia de moradores del lugar se ingres\u00f3 al lugar y se procedi\u00f3 al secuestro de la mencionada puerta. Las <strong>actuaciones est\u00e1n tipificadas como \u201crobo\u201d y el acusado se encuentra a disposici\u00f3n de la Justicia.<\/strong><\/p>\n","protected":false},"excerpt":{"rendered":"<p>Se trat\u00f3 de labores desarrolladas desde la Comisar\u00eda Segunda, con la direcci\u00f3n de la doctora Mirta Deroni.<\/p>\n","protected":false},"author":3,"featured_media":35666,"comment_status":"closed","ping_status":"closed","sticky":false,"template":"","format":"standard","meta":{"_jetpack_memberships_contains_paid_content":false,"footnotes":""},"categories":[14,1],"tags":[],"class_list":["post-35665","post","type-post","status-publish","format-standard","has-post-thumbnail","hentry","category-policiales","category-portada"],"jetpack_featured_media_url":"https:\/\/i0.wp.com\/cdnoticias.com\/wp-content\/uploads\/2021\/10\/WhatsApp-Image-2021-10-15-at-18.10.13-e1634333123198.jpeg?fit=744%2C470&ssl=1","jetpack_sharing_enabled":true,"_links":{"self":[{"href":"https:\/\/cdnoticias.com\/index.php\/wp-json\/wp\/v2\/posts\/35665","targetHints":{"allow":["GET"]}}],"collection":[{"href":"https:\/\/cdnoticias.com\/index.php\/wp-json\/wp\/v2\/posts"}],"about":[{"href":"https:\/\/cdnoticias.com\/index.php\/wp-json\/wp\/v2\/types\/post"}],"author":[{"embeddable":true,"href":"https:\/\/cdnoticias.com\/index.php\/wp-json\/wp\/v2\/users\/3"}],"replies":[{"embeddable":true,"href":"https:\/\/cdnoticias.com\/index.php\/wp-json\/wp\/v2\/comments?post=35665"}],"version-history":[{"count":0,"href":"https:\/\/cdnoticias.com\/index.php\/wp-json\/wp\/v2\/posts\/35665\/revisions"}],"wp:featuredmedia":[{"embeddable":true,"href":"https:\/\/cdnoticias.com\/index.php\/wp-json\/wp\/v2\/media\/35666"}],"wp:attachment":[{"href":"https:\/\/cdnoticias.com\/index.php\/wp-json\/wp\/v2\/media?parent=35665"}],"wp:term":[{"taxonomy":"category","embeddable":true,"href":"https:\/\/cdnoticias.com\/index.php\/wp-json\/wp\/v2\/categories?post=35665"},{"taxonomy":"post_tag","embeddable":true,"href":"https:\/\/cdnoticias.com\/index.php\/wp-json\/wp\/v2\/tags?post=35665"}],"curies":[{"name":"wp","href":"https:\/\/api.w.org\/{rel}","templated":true}]}}