{"id":35592,"date":"2021-10-16T10:06:41","date_gmt":"2021-10-16T13:06:41","guid":{"rendered":"http:\/\/www.centraldenoticias.com.ar\/?p=35592"},"modified":"2021-10-16T10:06:41","modified_gmt":"2021-10-16T13:06:41","slug":"la-casiana-nos-abrio-sus-puertas-para-conocer-la-planta-y-sus-proyectos-destaco-la-union-industrial","status":"publish","type":"post","link":"https:\/\/cdnoticias.com\/index.php\/2021\/10\/16\/la-casiana-nos-abrio-sus-puertas-para-conocer-la-planta-y-sus-proyectos-destaco-la-union-industrial\/","title":{"rendered":"\u201cLa Casiana nos abri\u00f3 sus puertas para conocer la planta y sus proyectos\u201d destac\u00f3 la Uni\u00f3n Industrial"},"content":{"rendered":"<p>Integrantes de la entidad visitaron la industria l\u00e1ctea local junto a autoridades del Banco Provincia y del Ministerio de Producci\u00f3n provincial.<!--more--><\/p>\n<hr \/>\n<p>\u201cEn la tarde del jueves y <strong>en compa\u00f1\u00eda del ministro de Producci\u00f3n, Augusto Costa, el presidente del Banco Provincia, Juan Cuattromo, y miembros de nuestra entidad nos acercamos a La Casiana<\/strong>, reconocida f\u00e1brica de l\u00e1cteos olavarriense. All\u00ed nos recibieron sus due\u00f1os y nos invitaron a realizar una visita por la planta y observar el proceso de trabajo y producci\u00f3n\u201d <strong>expres\u00f3 la Uni\u00f3n Industrial de Olavarr\u00eda<\/strong> acerca de las actividades <a href=\"https:\/\/cdnoticias.com\/index.php\/2021\/10\/15\/industriales-bonaerenses-lograron-un-encuentro-multitudinario-con-el-equipo-de-produccion-provincial\/\" target=\"_blank\" rel=\"noopener\">desarrolladas con funcionarios bonaerenses en el marco de su llegada a nuestra ciudad<\/a>.<\/p>\n<p>&nbsp;<\/p>\n<p>Esta industria <strong>funciona desde 1979<\/strong> y, a trav\u00e9s del recorrido por el lugar \u201cse convers\u00f3 acerca de las distintas problem\u00e1ticas que ha tenido que afrontar a lo largo de los a\u00f1os. Por otro lado, tambi\u00e9n se dialog\u00f3 sobre <strong>el acceso al cr\u00e9dito<\/strong> y, a su vez, nos pusieron al tanto de los <strong>importantes proyectos en los que vienen trabajando<\/strong> y sus inversiones para seguir creciendo en el contexto actual\u201d.<\/p>\n<p>&nbsp;<\/p>\n<p>Tambi\u00e9n estuvieron presentes <em>Ariel Aguilar, director de Desarrollo Territorial y Pymes;\u00a0 Mariela Bembi, subsecretaria de Industria, Pymes y Cooperativas provincial<\/em>; <strong>Cesar Longo<\/strong>, presidente de la UIO y\u00a0 el secretario, <strong>Sergio Corso<\/strong>;\u00a0 la diputada Liliana Schwindt, el diputado provincial por la s\u00e9ptima secci\u00f3n electoral, C\u00e9sar Valicenti; el presidente de la Uni\u00f3n Industrial de General Rodr\u00edguez, Juan Fera; el subsecretario de Miner\u00eda de la Provincia, Federico Aguilera, y el candidato a concejal por el Frente de Todos, Maximiliano Wesner.<\/p>\n","protected":false},"excerpt":{"rendered":"<p>Integrantes de la entidad visitaron la industria l\u00e1ctea local junto a autoridades del Banco Provincia y del Ministerio de Producci\u00f3n<\/p>\n","protected":false},"author":4,"featured_media":35595,"comment_status":"closed","ping_status":"closed","sticky":false,"template":"","format":"standard","meta":{"_jetpack_memberships_contains_paid_content":false,"footnotes":""},"categories":[5,1],"tags":[],"class_list":["post-35592","post","type-post","status-publish","format-standard","has-post-thumbnail","hentry","category-informacion-general","category-portada"],"jetpack_featured_media_url":"https:\/\/i0.wp.com\/cdnoticias.com\/wp-content\/uploads\/2021\/10\/union-industrial-la-casiana.jpeg?fit=1280%2C853&ssl=1","jetpack_sharing_enabled":true,"_links":{"self":[{"href":"https:\/\/cdnoticias.com\/index.php\/wp-json\/wp\/v2\/posts\/35592","targetHints":{"allow":["GET"]}}],"collection":[{"href":"https:\/\/cdnoticias.com\/index.php\/wp-json\/wp\/v2\/posts"}],"about":[{"href":"https:\/\/cdnoticias.com\/index.php\/wp-json\/wp\/v2\/types\/post"}],"author":[{"embeddable":true,"href":"https:\/\/cdnoticias.com\/index.php\/wp-json\/wp\/v2\/users\/4"}],"replies":[{"embeddable":true,"href":"https:\/\/cdnoticias.com\/index.php\/wp-json\/wp\/v2\/comments?post=35592"}],"version-history":[{"count":0,"href":"https:\/\/cdnoticias.com\/index.php\/wp-json\/wp\/v2\/posts\/35592\/revisions"}],"wp:featuredmedia":[{"embeddable":true,"href":"https:\/\/cdnoticias.com\/index.php\/wp-json\/wp\/v2\/media\/35595"}],"wp:attachment":[{"href":"https:\/\/cdnoticias.com\/index.php\/wp-json\/wp\/v2\/media?parent=35592"}],"wp:term":[{"taxonomy":"category","embeddable":true,"href":"https:\/\/cdnoticias.com\/index.php\/wp-json\/wp\/v2\/categories?post=35592"},{"taxonomy":"post_tag","embeddable":true,"href":"https:\/\/cdnoticias.com\/index.php\/wp-json\/wp\/v2\/tags?post=35592"}],"curies":[{"name":"wp","href":"https:\/\/api.w.org\/{rel}","templated":true}]}}