{"id":35583,"date":"2021-10-15T13:09:29","date_gmt":"2021-10-15T16:09:29","guid":{"rendered":"http:\/\/www.centraldenoticias.com.ar\/?p=35583"},"modified":"2021-10-15T16:34:59","modified_gmt":"2021-10-15T19:34:59","slug":"galli-inauguro-la-repavimentacion-de-ituzaingo-se-cumplio-el-ciclo","status":"publish","type":"post","link":"https:\/\/cdnoticias.com\/index.php\/2021\/10\/15\/galli-inauguro-la-repavimentacion-de-ituzaingo-se-cumplio-el-ciclo\/","title":{"rendered":"Galli inaugur\u00f3 la repavimentaci\u00f3n de Ituzaing\u00f3: \u201cSe cumpli\u00f3 el ciclo\u201d"},"content":{"rendered":"<p>Se trata de los trabajos entre Trabajadores e Yrigoyen. El jefe comunal hizo hincapi\u00e9 en la demanda de los vecinos por la obra y el trabajo del equipo municipal para la ejecuci\u00f3n.<!--more--><\/p>\n<hr \/>\n<p><strong>El intendente Ezequiel Galli encabez\u00f3 el acto de inauguraci\u00f3n de la obra de repavimentaci\u00f3n de avenida de Ituzaing\u00f3<\/strong>, que se llev\u00f3 a cabo en distintas etapas. La primera\u00a0abarc\u00f3 <strong>desde Trabajadores hasta calle Hip\u00f3lito Yrigoyen<\/strong>, y en una segunda instancia va desde Balcarce a Canaveri, que luego se extendi\u00f3 dos cuadras m\u00e1s hasta Avda. Avellaneda.<\/p>\n<p>&nbsp;<\/p>\n<p>Se trata de <strong>una de las avenidas de mayor circulaci\u00f3n vehicular<\/strong>, debido a la gran actividad comercial y variedad de ofertas de los emprendimientos y locales comerciales que se radican en el sector.<\/p>\n<p>&nbsp;<\/p>\n<blockquote><p>\u201cSe cumpli\u00f3 el ciclo que dice que los vecinos demandaron, los funcionarios escucharon, se pusieron a trabajar, realizaron la obra y hoy estamos inaugurando\u201d expres\u00f3 el Intendente quien plante\u00f3 que \u201ces importante que se cumpla el ciclo para que haya progreso, trabajo, para que estos caminos puedan conectar vecinos\u201d.<\/p><\/blockquote>\n<p>&nbsp;<\/p>\n<p><img data-recalc-dims=\"1\" loading=\"lazy\" decoding=\"async\" class=\"size-large wp-image-35580 aligncenter\" src=\"https:\/\/i0.wp.com\/cdnoticias.com\/wp-content\/uploads\/2021\/10\/repavimentacion3.jpg?resize=800%2C445&#038;ssl=1\" alt=\"\" width=\"800\" height=\"445\" srcset=\"https:\/\/i0.wp.com\/cdnoticias.com\/wp-content\/uploads\/2021\/10\/repavimentacion3.jpg?resize=1024%2C570&amp;ssl=1 1024w, https:\/\/i0.wp.com\/cdnoticias.com\/wp-content\/uploads\/2021\/10\/repavimentacion3.jpg?resize=300%2C167&amp;ssl=1 300w, https:\/\/i0.wp.com\/cdnoticias.com\/wp-content\/uploads\/2021\/10\/repavimentacion3.jpg?resize=768%2C427&amp;ssl=1 768w, https:\/\/i0.wp.com\/cdnoticias.com\/wp-content\/uploads\/2021\/10\/repavimentacion3.jpg?resize=800%2C445&amp;ssl=1 800w, https:\/\/i0.wp.com\/cdnoticias.com\/wp-content\/uploads\/2021\/10\/repavimentacion3.jpg?w=1600&amp;ssl=1 1600w\" sizes=\"auto, (max-width: 800px) 100vw, 800px\" \/><\/p>\n<p>&nbsp;<\/p>\n<p><strong>\u201cLos ciclos tienen eso, cuando son cumplidos nos ayudan a evolucionar\u201d<\/strong>, reflexion\u00f3 el intendente Ezequiel Galli quien hizo hincapi\u00e9 en que se trat\u00f3 de la \u201cprimera etapa\u201d de la obra sobre la avenida Ituzaing\u00f3.<\/p>\n<p>&nbsp;<\/p>\n<p>Adem\u00e1s remarc\u00f3 que \u201cvenimos hace 6 a\u00f1os trazando caminos\u201d sobre lo cual subray\u00f3 la proyecci\u00f3n a futuro. \u201cPensamos en el futuro de Olavarr\u00eda, de la provincia, del pa\u00eds. <strong>Este a\u00f1o los olavarrienses, los argentinos, tenemos en nuestras manos la decisi\u00f3n de qu\u00e9 camino queremos tomar para nuestro pa\u00eds<\/strong>, y estoy convencido que el mejor camino es el trabajo, la educaci\u00f3n y el esfuerzo\u201d defini\u00f3 Galli quien con ello le dio el tono electoral al acto.<\/p>\n<p>&nbsp;<\/p>\n<p>En el cierre felicit\u00f3 a los vecinos y agradeci\u00f3 el trabajo dela empresa \u201cN\u00e9stor Burgardt\u201d.<\/p>\n<p>&nbsp;<\/p>\n<p><img data-recalc-dims=\"1\" loading=\"lazy\" decoding=\"async\" class=\"size-large wp-image-35578 aligncenter\" src=\"https:\/\/i0.wp.com\/cdnoticias.com\/wp-content\/uploads\/2021\/10\/repavimentacion1.jpg?resize=800%2C445&#038;ssl=1\" alt=\"\" width=\"800\" height=\"445\" srcset=\"https:\/\/i0.wp.com\/cdnoticias.com\/wp-content\/uploads\/2021\/10\/repavimentacion1.jpg?resize=1024%2C569&amp;ssl=1 1024w, https:\/\/i0.wp.com\/cdnoticias.com\/wp-content\/uploads\/2021\/10\/repavimentacion1.jpg?resize=300%2C167&amp;ssl=1 300w, https:\/\/i0.wp.com\/cdnoticias.com\/wp-content\/uploads\/2021\/10\/repavimentacion1.jpg?resize=768%2C427&amp;ssl=1 768w, https:\/\/i0.wp.com\/cdnoticias.com\/wp-content\/uploads\/2021\/10\/repavimentacion1.jpg?resize=800%2C445&amp;ssl=1 800w, https:\/\/i0.wp.com\/cdnoticias.com\/wp-content\/uploads\/2021\/10\/repavimentacion1.jpg?w=1040&amp;ssl=1 1040w\" sizes=\"auto, (max-width: 800px) 100vw, 800px\" \/><\/p>\n<p>&nbsp;<\/p>\n<p><strong>Las obras<\/strong><\/p>\n<p>&nbsp;<\/p>\n<p>Desde el Municipio se destac\u00f3 que<strong> la repavimentaci\u00f3n de Ituzaing\u00f3 \u201cfue una de las obras m\u00e1s requeridas por parte de los vecinos del sector<\/strong>, como as\u00ed tambi\u00e9n por quienes transitan a diario para realizar distintos tipos de actividades laborales, compras, tr\u00e1mites y servicios\u201d.<\/p>\n<p>&nbsp;<\/p>\n<p>En forma complementaria, el paquete de obras incluy\u00f3 la <strong>construcci\u00f3n de un separador central<\/strong> de hormig\u00f3n, para continuar con el existente en resto de la Avda. Ituzaing\u00f3, entre Avda. Col\u00f3n y Avda. Del Valle.<\/p>\n<p>&nbsp;<\/p>\n<p><img data-recalc-dims=\"1\" loading=\"lazy\" decoding=\"async\" class=\"size-large wp-image-35581 aligncenter\" src=\"https:\/\/i0.wp.com\/cdnoticias.com\/wp-content\/uploads\/2021\/10\/repavimentacion4.jpg?resize=800%2C445&#038;ssl=1\" alt=\"\" width=\"800\" height=\"445\" srcset=\"https:\/\/i0.wp.com\/cdnoticias.com\/wp-content\/uploads\/2021\/10\/repavimentacion4.jpg?resize=1024%2C570&amp;ssl=1 1024w, https:\/\/i0.wp.com\/cdnoticias.com\/wp-content\/uploads\/2021\/10\/repavimentacion4.jpg?resize=300%2C167&amp;ssl=1 300w, https:\/\/i0.wp.com\/cdnoticias.com\/wp-content\/uploads\/2021\/10\/repavimentacion4.jpg?resize=768%2C427&amp;ssl=1 768w, https:\/\/i0.wp.com\/cdnoticias.com\/wp-content\/uploads\/2021\/10\/repavimentacion4.jpg?resize=800%2C445&amp;ssl=1 800w, https:\/\/i0.wp.com\/cdnoticias.com\/wp-content\/uploads\/2021\/10\/repavimentacion4.jpg?w=1280&amp;ssl=1 1280w\" sizes=\"auto, (max-width: 800px) 100vw, 800px\" \/><\/p>\n<p>&nbsp;<\/p>\n<p>Adem\u00e1s, <strong>en la intersecci\u00f3n de Avda. Ituzaing\u00f3 y Avda. Trabajadores se construy\u00f3 una rotonda<\/strong>, que junto con la pavimentaci\u00f3n, permite reordenar el tr\u00e1nsito y brindar mejores condiciones de seguridad vial.<\/p>\n<p>&nbsp;<\/p>\n<p>Adem\u00e1s de Ezequiel Galli participaron <em>el presidente del Concejo Deliberante, Bruno Cenizo, secretarios y subsecretarios, Nestor Burgadt, titular de la empresa que ejecut\u00f3 los trabajos; concejales, el presidente del Consejo Escolar Bruno Di Carlo, consejeras escolares y m\u00e1s funcionarios municipales<\/em>.<\/p>\n<p>&nbsp;<\/p>\n<p>Cabe recordar que <a href=\"https:\/\/cdnoticias.com\/index.php\/2021\/10\/11\/galli-inauguro-la-repavimentacion-de-alberdi-toda-la-ciudad-pasa-por-aca\/\" target=\"_blank\" rel=\"noopener\">el lunes pasado el intendente Galli hab\u00eda inaugurado la repavimentaci\u00f3n de avenida Alberdi<\/a> entre Col\u00f3n y Sarmiento. En ambos casos se trat\u00f3 de obras financiadas a trav\u00e9s del Fondo de Infraestructura Municipal (FIM) y ejecutadas por la Municipalidad.<\/p>\n<p><img data-recalc-dims=\"1\" loading=\"lazy\" decoding=\"async\" class=\"size-large wp-image-35582 aligncenter\" src=\"https:\/\/i0.wp.com\/cdnoticias.com\/wp-content\/uploads\/2021\/10\/repavimentacion5.jpg?resize=800%2C445&#038;ssl=1\" alt=\"\" width=\"800\" height=\"445\" srcset=\"https:\/\/i0.wp.com\/cdnoticias.com\/wp-content\/uploads\/2021\/10\/repavimentacion5.jpg?resize=1024%2C570&amp;ssl=1 1024w, https:\/\/i0.wp.com\/cdnoticias.com\/wp-content\/uploads\/2021\/10\/repavimentacion5.jpg?resize=300%2C167&amp;ssl=1 300w, https:\/\/i0.wp.com\/cdnoticias.com\/wp-content\/uploads\/2021\/10\/repavimentacion5.jpg?resize=768%2C427&amp;ssl=1 768w, https:\/\/i0.wp.com\/cdnoticias.com\/wp-content\/uploads\/2021\/10\/repavimentacion5.jpg?resize=800%2C445&amp;ssl=1 800w, https:\/\/i0.wp.com\/cdnoticias.com\/wp-content\/uploads\/2021\/10\/repavimentacion5.jpg?w=1600&amp;ssl=1 1600w\" sizes=\"auto, (max-width: 800px) 100vw, 800px\" \/><\/p>\n","protected":false},"excerpt":{"rendered":"<p>Se trata de los trabajos entre Trabajadores e Yrigoyen. El jefe comunal hizo hincapi\u00e9 en la demanda de los vecinos<\/p>\n","protected":false},"author":4,"featured_media":35579,"comment_status":"closed","ping_status":"closed","sticky":false,"template":"","format":"standard","meta":{"_jetpack_memberships_contains_paid_content":false,"footnotes":""},"categories":[5,1],"tags":[],"class_list":["post-35583","post","type-post","status-publish","format-standard","has-post-thumbnail","hentry","category-informacion-general","category-portada"],"jetpack_featured_media_url":"https:\/\/i0.wp.com\/cdnoticias.com\/wp-content\/uploads\/2021\/10\/repavimentacion2.jpg?fit=1600%2C890&ssl=1","jetpack_sharing_enabled":true,"_links":{"self":[{"href":"https:\/\/cdnoticias.com\/index.php\/wp-json\/wp\/v2\/posts\/35583","targetHints":{"allow":["GET"]}}],"collection":[{"href":"https:\/\/cdnoticias.com\/index.php\/wp-json\/wp\/v2\/posts"}],"about":[{"href":"https:\/\/cdnoticias.com\/index.php\/wp-json\/wp\/v2\/types\/post"}],"author":[{"embeddable":true,"href":"https:\/\/cdnoticias.com\/index.php\/wp-json\/wp\/v2\/users\/4"}],"replies":[{"embeddable":true,"href":"https:\/\/cdnoticias.com\/index.php\/wp-json\/wp\/v2\/comments?post=35583"}],"version-history":[{"count":0,"href":"https:\/\/cdnoticias.com\/index.php\/wp-json\/wp\/v2\/posts\/35583\/revisions"}],"wp:featuredmedia":[{"embeddable":true,"href":"https:\/\/cdnoticias.com\/index.php\/wp-json\/wp\/v2\/media\/35579"}],"wp:attachment":[{"href":"https:\/\/cdnoticias.com\/index.php\/wp-json\/wp\/v2\/media?parent=35583"}],"wp:term":[{"taxonomy":"category","embeddable":true,"href":"https:\/\/cdnoticias.com\/index.php\/wp-json\/wp\/v2\/categories?post=35583"},{"taxonomy":"post_tag","embeddable":true,"href":"https:\/\/cdnoticias.com\/index.php\/wp-json\/wp\/v2\/tags?post=35583"}],"curies":[{"name":"wp","href":"https:\/\/api.w.org\/{rel}","templated":true}]}}