{"id":35574,"date":"2021-10-15T11:44:50","date_gmt":"2021-10-15T14:44:50","guid":{"rendered":"http:\/\/www.centraldenoticias.com.ar\/?p=35574"},"modified":"2021-10-15T11:44:50","modified_gmt":"2021-10-15T14:44:50","slug":"el-municipio-firmo-un-convenio-con-la-facultad-de-ciencias-sociales","status":"publish","type":"post","link":"https:\/\/cdnoticias.com\/index.php\/2021\/10\/15\/el-municipio-firmo-un-convenio-con-la-facultad-de-ciencias-sociales\/","title":{"rendered":"El Municipio firm\u00f3 un convenio con la Facultad de Ciencias Sociales"},"content":{"rendered":"<p>Impulsar\u00e1n el \u201cFondo recreativo cultural\u201d de apoyo econ\u00f3mico a artistas independientes de la ciudad.\u00a0<!--more--><\/p>\n<hr \/>\n<p>En la ma\u00f1ana de este jueves, <strong>el intendente Ezequiel Galli firm\u00f3 un convenio con la Facultad de Ciencias Sociales para impulsar el \u201cFondo recreativo cultural\u201d de apoyo econ\u00f3mico a artistas independientes de la ciudad.<\/strong><\/p>\n<p>&nbsp;<\/p>\n<p>Galli estuvo acompa\u00f1ado por el secretario de Desarrollo Humano y Calidad de Vida Diego Robbiani y por la subsecretaria de Cultura y Educaci\u00f3n Agustina Marino.\u00a0Tambi\u00e9n se hicieron presentes la decana de Sociales Gabriela Gamberini, el secretario de Extensi\u00f3n Nicol\u00e1s Casado, la coordinadora de Cultura Unicen Sof\u00eda Cheves y la coordinadora del CC Universitario Andrea Rivero.<\/p>\n<p>&nbsp;<\/p>\n<p>Tras dialogar sobre la actualidad de la casa de altos estudios y lo qu\u00e9 signific\u00f3 el paso de la pandemia, Diego Robbiani hizo hincapi\u00e9 en la <em>\u201cnecesidad de tener un proyecto puntual en el \u00e1mbito de la cultura. La UNICEN trajo la propuesta de hacer una inversi\u00f3n en conjunto para financiar proyectos y colaborar con la cultura, que fue muy castigada en pandemia\u201d.<\/em><\/p>\n<p>&nbsp;<\/p>\n<p>Por su parte el intendente Galli destac\u00f3 que <em>\u201ces fundamental el trabajo articulado que realizamos con UNICEN de manera permanente. Para el Municipio es clave\u201d<\/em><\/p>\n<p>&nbsp;<\/p>\n<p>Agustina Marino, subsecretaria de Cultura y Educaci\u00f3n, puntualiz\u00f3 en \u201c<em>la informalidad que maneja el sector, que hace que artistas no se puedan presentar en becas por la cantidad de requisitos que les solicitan. Este acuerdo permite ahora realizar una selecci\u00f3n de mejores proyectos y un seguimiento en particular. Esta instancia va a estar buena para que puedan acceder a otros subsidios. El acompa\u00f1amiento que vamos a hacer nos parece important\u00edsimo y adem\u00e1s nos deja un sondeo de los proyectos que est\u00e1n circulando en el sector y tener una perspectiva regional\u201d.<\/em><\/p>\n<p>&nbsp;<\/p>\n<p><img data-recalc-dims=\"1\" loading=\"lazy\" decoding=\"async\" class=\"alignnone size-large wp-image-35575\" src=\"https:\/\/i0.wp.com\/cdnoticias.com\/wp-content\/uploads\/2021\/10\/Cultura-Convenio-Facultad-1-scaled.jpg?resize=800%2C534&#038;ssl=1\" alt=\"\" width=\"800\" height=\"534\" srcset=\"https:\/\/i0.wp.com\/cdnoticias.com\/wp-content\/uploads\/2021\/10\/Cultura-Convenio-Facultad-1-scaled.jpg?resize=1024%2C684&amp;ssl=1 1024w, https:\/\/i0.wp.com\/cdnoticias.com\/wp-content\/uploads\/2021\/10\/Cultura-Convenio-Facultad-1-scaled.jpg?resize=300%2C201&amp;ssl=1 300w, https:\/\/i0.wp.com\/cdnoticias.com\/wp-content\/uploads\/2021\/10\/Cultura-Convenio-Facultad-1-scaled.jpg?resize=768%2C513&amp;ssl=1 768w, https:\/\/i0.wp.com\/cdnoticias.com\/wp-content\/uploads\/2021\/10\/Cultura-Convenio-Facultad-1-scaled.jpg?resize=272%2C182&amp;ssl=1 272w, https:\/\/i0.wp.com\/cdnoticias.com\/wp-content\/uploads\/2021\/10\/Cultura-Convenio-Facultad-1-scaled.jpg?w=1600&amp;ssl=1 1600w, https:\/\/i0.wp.com\/cdnoticias.com\/wp-content\/uploads\/2021\/10\/Cultura-Convenio-Facultad-1-scaled.jpg?w=2400&amp;ssl=1 2400w\" sizes=\"auto, (max-width: 800px) 100vw, 800px\" \/><\/p>\n<p>&nbsp;<\/p>\n<p><span style=\"text-decoration: underline;\"><strong>Fondo reactivo cultural<\/strong><\/span><\/p>\n<p>&nbsp;<\/p>\n<p>La propuesta se enmarca en el <strong>Programa EMERGER de la Universidad Nacional del Centro de la Provincia de Buenos Aires (UNICEN) coordinado por el \u00c1rea Cultura en el caso de Olavarr\u00eda a trav\u00e9s de la Facultad de Ciencias Sociales\/ Centro Cultural Universitario UNICEN.<\/strong><\/p>\n<p>&nbsp;<\/p>\n<blockquote><p>El Fondo Reactivo Cultural consiste en una convocatoria destinada a apoyar econ\u00f3micamente a Proyectos Art\u00edsticos Independientes con el fin de acompa\u00f1ar a las\/os trabajadoras\/es de la cultura de nuestra ciudad. En tal sentido, las propuestas ganadoras recibir\u00e1n un apoyo econ\u00f3mico extraordinario que constar\u00e1 de un pago \u00fanico de $30.000.<\/p><\/blockquote>\n<p>&nbsp;<\/p>\n<p><strong>Los proyectos, que podr\u00e1n presentar desde el 15 de octubre al 5 de noviembre del corriente a\u00f1o<\/strong>, deber\u00e1n ser desarrollados en nuestra ciudad y podr\u00e1n enmarcarse en las disciplinas artes esc\u00e9nicas, artes audiovisuales y multimediales, artes sonoras, literatura, artes visuales o interdisciplinarios.<\/p>\n<p>&nbsp;<\/p>\n<blockquote><p>Los interesados pueden consultar formularios, bases y condiciones en www.olavarria.gov.ar y www.unicen.edu.ar<\/p><\/blockquote>\n<p>&nbsp;<\/p>\n<p><a href=\"https:\/\/docs.google.com\/forms\/d\/1_w7R8dLWjf9VwVaiLCYe3INTFxyz_oq9_maeppeu5mc\/edit?usp=drivesdk\" target=\"_blank\" rel=\"noopener\">Inscripci\u00f3n<\/a><\/p>\n<p>&nbsp;<\/p>\n<p>Por consultas comunicarse a: reactivocultural2021@gmail.com<\/p>\n","protected":false},"excerpt":{"rendered":"<p>Impulsar\u00e1n el \u201cFondo recreativo cultural\u201d de apoyo econ\u00f3mico a artistas independientes de la ciudad.\u00a0<\/p>\n","protected":false},"author":2,"featured_media":35576,"comment_status":"closed","ping_status":"closed","sticky":false,"template":"","format":"standard","meta":{"_jetpack_memberships_contains_paid_content":false,"footnotes":""},"categories":[5,1],"tags":[],"class_list":["post-35574","post","type-post","status-publish","format-standard","has-post-thumbnail","hentry","category-informacion-general","category-portada"],"jetpack_featured_media_url":"https:\/\/i0.wp.com\/cdnoticias.com\/wp-content\/uploads\/2021\/10\/Cultura-Convenio-Facultad-2-scaled.jpg?fit=2560%2C1711&ssl=1","jetpack_sharing_enabled":true,"_links":{"self":[{"href":"https:\/\/cdnoticias.com\/index.php\/wp-json\/wp\/v2\/posts\/35574","targetHints":{"allow":["GET"]}}],"collection":[{"href":"https:\/\/cdnoticias.com\/index.php\/wp-json\/wp\/v2\/posts"}],"about":[{"href":"https:\/\/cdnoticias.com\/index.php\/wp-json\/wp\/v2\/types\/post"}],"author":[{"embeddable":true,"href":"https:\/\/cdnoticias.com\/index.php\/wp-json\/wp\/v2\/users\/2"}],"replies":[{"embeddable":true,"href":"https:\/\/cdnoticias.com\/index.php\/wp-json\/wp\/v2\/comments?post=35574"}],"version-history":[{"count":0,"href":"https:\/\/cdnoticias.com\/index.php\/wp-json\/wp\/v2\/posts\/35574\/revisions"}],"wp:featuredmedia":[{"embeddable":true,"href":"https:\/\/cdnoticias.com\/index.php\/wp-json\/wp\/v2\/media\/35576"}],"wp:attachment":[{"href":"https:\/\/cdnoticias.com\/index.php\/wp-json\/wp\/v2\/media?parent=35574"}],"wp:term":[{"taxonomy":"category","embeddable":true,"href":"https:\/\/cdnoticias.com\/index.php\/wp-json\/wp\/v2\/categories?post=35574"},{"taxonomy":"post_tag","embeddable":true,"href":"https:\/\/cdnoticias.com\/index.php\/wp-json\/wp\/v2\/tags?post=35574"}],"curies":[{"name":"wp","href":"https:\/\/api.w.org\/{rel}","templated":true}]}}