{"id":35567,"date":"2021-10-15T12:50:19","date_gmt":"2021-10-15T15:50:19","guid":{"rendered":"http:\/\/www.centraldenoticias.com.ar\/?p=35567"},"modified":"2021-10-15T13:16:09","modified_gmt":"2021-10-15T16:16:09","slug":"union-industrial-logramos-la-instalacion-de-una-sucursal-del-banco-provincia-en-el-pio","status":"publish","type":"post","link":"https:\/\/cdnoticias.com\/index.php\/2021\/10\/15\/union-industrial-logramos-la-instalacion-de-una-sucursal-del-banco-provincia-en-el-pio\/","title":{"rendered":"Uni\u00f3n Industrial: \u201cLogramos la instalaci\u00f3n de una sucursal del Banco Provincia en el PIO\u201d"},"content":{"rendered":"<p>La entidad celebr\u00f3 la decisi\u00f3n que anunci\u00f3 este jueves el titular del Banco Provincia en nuestra ciudad. \u201cSer\u00e1 de vital importancia para llevar adelante una mejor atenci\u00f3n y asesoramiento a las empresas asociadas\u201d se destac\u00f3.<!--more--><\/p>\n<hr \/>\n<p>Desde <strong>la Uni\u00f3n Industrial de Olavarr\u00eda<\/strong> se celebr\u00f3 la decisi\u00f3n que anunci\u00f3 este jueves el titular del Banco Provincia en nuestra ciudad de <a href=\"https:\/\/cdnoticias.com\/index.php\/2021\/10\/14\/es-preocupante-que-los-concejales-de-juntos-rechacen-el-cumplimiento-de-la-ordenanza\/\" target=\"_blank\" rel=\"noopener\">instalar una sede bancaria accesible para quienes se desempe\u00f1an en el PIO<\/a>.<\/p>\n<p>&nbsp;<\/p>\n<p><img data-recalc-dims=\"1\" loading=\"lazy\" decoding=\"async\" class=\"size-full wp-image-35572 aligncenter\" src=\"https:\/\/i0.wp.com\/cdnoticias.com\/wp-content\/uploads\/2021\/10\/Union-industrial-parque-industrial-02.jpg?resize=540%2C301&#038;ssl=1\" alt=\"\" width=\"540\" height=\"301\" srcset=\"https:\/\/i0.wp.com\/cdnoticias.com\/wp-content\/uploads\/2021\/10\/Union-industrial-parque-industrial-02.jpg?w=540&amp;ssl=1 540w, https:\/\/i0.wp.com\/cdnoticias.com\/wp-content\/uploads\/2021\/10\/Union-industrial-parque-industrial-02.jpg?resize=300%2C167&amp;ssl=1 300w\" sizes=\"auto, (max-width: 540px) 100vw, 540px\" \/><\/p>\n<p>&nbsp;<\/p>\n<p>\u201cLuego de trabajar intensamente desde nuestra entidad,<strong> logramos que -pr\u00f3ximamente- se abra una sucursal del Bapro en el Parque Industrial de nuestra ciudad<\/strong>. As\u00ed lo confirm\u00f3 ayer el presidente de la entidad bancaria, Juan Cuattromo,<a href=\"https:\/\/cdnoticias.com\/index.php\/2021\/10\/15\/industriales-bonaerenses-lograron-un-encuentro-multitudinario-con-el-equipo-de-produccion-provincial\/\" target=\"_blank\" rel=\"noopener\"> durante la mesa de trabajo<\/a> que se realiz\u00f3 entre industriales e integrantes del ministerio de Producci\u00f3n bonaerense\u201d record\u00f3 la instituci\u00f3n.<\/p>\n<p>&nbsp;<\/p>\n<p>A su vez, se se\u00f1al\u00f3 que \u201cestamos convencidos que <strong>esta decisi\u00f3n ser\u00e1 de vital importancia para llevar adelante una mejor atenci\u00f3n y asesoramiento a las empresas asociadas<\/strong>, por lo que estamos muy contentos de haber logrado este objetivo\u201d.<\/p>\n","protected":false},"excerpt":{"rendered":"<p>La entidad celebr\u00f3 la decisi\u00f3n que anunci\u00f3 este jueves el titular del Banco Provincia en nuestra ciudad. \u201cSer\u00e1 de vital<\/p>\n","protected":false},"author":4,"featured_media":35571,"comment_status":"closed","ping_status":"closed","sticky":false,"template":"","format":"standard","meta":{"_jetpack_memberships_contains_paid_content":false,"footnotes":""},"categories":[5,1],"tags":[],"class_list":["post-35567","post","type-post","status-publish","format-standard","has-post-thumbnail","hentry","category-informacion-general","category-portada"],"jetpack_featured_media_url":"https:\/\/i0.wp.com\/cdnoticias.com\/wp-content\/uploads\/2021\/10\/Union-industrial-parque-industrial-01.jpg?fit=800%2C445&ssl=1","jetpack_sharing_enabled":true,"_links":{"self":[{"href":"https:\/\/cdnoticias.com\/index.php\/wp-json\/wp\/v2\/posts\/35567","targetHints":{"allow":["GET"]}}],"collection":[{"href":"https:\/\/cdnoticias.com\/index.php\/wp-json\/wp\/v2\/posts"}],"about":[{"href":"https:\/\/cdnoticias.com\/index.php\/wp-json\/wp\/v2\/types\/post"}],"author":[{"embeddable":true,"href":"https:\/\/cdnoticias.com\/index.php\/wp-json\/wp\/v2\/users\/4"}],"replies":[{"embeddable":true,"href":"https:\/\/cdnoticias.com\/index.php\/wp-json\/wp\/v2\/comments?post=35567"}],"version-history":[{"count":0,"href":"https:\/\/cdnoticias.com\/index.php\/wp-json\/wp\/v2\/posts\/35567\/revisions"}],"wp:featuredmedia":[{"embeddable":true,"href":"https:\/\/cdnoticias.com\/index.php\/wp-json\/wp\/v2\/media\/35571"}],"wp:attachment":[{"href":"https:\/\/cdnoticias.com\/index.php\/wp-json\/wp\/v2\/media?parent=35567"}],"wp:term":[{"taxonomy":"category","embeddable":true,"href":"https:\/\/cdnoticias.com\/index.php\/wp-json\/wp\/v2\/categories?post=35567"},{"taxonomy":"post_tag","embeddable":true,"href":"https:\/\/cdnoticias.com\/index.php\/wp-json\/wp\/v2\/tags?post=35567"}],"curies":[{"name":"wp","href":"https:\/\/api.w.org\/{rel}","templated":true}]}}