{"id":35560,"date":"2021-10-15T09:21:20","date_gmt":"2021-10-15T12:21:20","guid":{"rendered":"http:\/\/www.centraldenoticias.com.ar\/?p=35560"},"modified":"2021-10-15T09:21:20","modified_gmt":"2021-10-15T12:21:20","slug":"la-vacunacion-contra-el-covid-avanza-se-aplicaron-1448-dosis","status":"publish","type":"post","link":"https:\/\/cdnoticias.com\/index.php\/2021\/10\/15\/la-vacunacion-contra-el-covid-avanza-se-aplicaron-1448-dosis\/","title":{"rendered":"La vacunaci\u00f3n contra el COVID avanza: se aplicaron 1448 dosis"},"content":{"rendered":"<p>En la tercera jornada de inoculaci\u00f3n a ni\u00f1os y ni\u00f1as de 3 a 11 a\u00f1os se aplicaron, del total, 395 primeras dosis.\u00a0<!--more--><\/p>\n<hr \/>\n<p>En el avance del <strong>programa provincial de vacunaci\u00f3n contra el COVID se aplicaron, durante la jornada del jueves, 1448 dosis entre primeras y segundas dosis.<\/strong><\/p>\n<p>&nbsp;<\/p>\n<blockquote><p>Cabe se\u00f1alar que es la tercera jornada de vacunaci\u00f3n a ni\u00f1os y ni\u00f1as de 3 a 11 a\u00f1os: del total, se aplicaron 395 vacunas.<\/p><\/blockquote>\n<p>&nbsp;<\/p>\n<p>En el detalle, por su parte, en el <strong>Centro Cultural Universitario<\/strong> se vacunaron 602 vecinas y vecinos (250 pertenecen a segundas dosis y 352 a menores con primer componente); en la <strong>Facultad de Ciencias de la Salud<\/strong> se aplicaron un total de 449 vacunas, de las cuales 363 pertenecen a segundas dosis, 83 a primer componente en adultos y 3 a menores; y en el <strong>Servicio Territorial N\u00b02<\/strong> fueron 397 las personas vacunadas: de ellas 40 corresponden a menores, 35 a primeras dosis a mayores de edad y 322 fueron inoculaciones de segundo componente.<\/p>\n<p>&nbsp;<\/p>\n<p>Para obtener el <strong>turno de vacunaci\u00f3n, ni\u00f1os y ni\u00f1as de entre 3 y 11 a\u00f1os se deber\u00e1n inscribir al igual que los menores de 12 a 17, a trav\u00e9s del sitio web www.vacunatepba.gba.gob.ar.<\/strong> Adem\u00e1s, se habilit\u00f3 la primera dosis libre para mayores de 12 con enfermedades preexistentes.<\/p>\n<p>&nbsp;<\/p>\n<p>A la par, s<strong>igue desarroll\u00e1ndose la vacunaci\u00f3n libre de primeras y segundas dosis para mayores de 18 a\u00f1os<\/strong> que acrediten domicilio en la localidad present\u00e1ndose con su DNI en cualquiera de las postas de vacunaci\u00f3n (como toda segunda dosis libre, se debe cumplir el plazo estipulado entre vacunas).<\/p>\n<p>&nbsp;<\/p>\n<p>En cuanto a las actividades preventivas que se realizan en el <strong>Centro Provincial de Testeos que funciona en las instalaciones del Club El Fort\u00edn<\/strong> (Urquiza 2980) de lunes a viernes de 8 a 12 horas, <strong>este jueves se realizaron 15 hisopados a personas que se presentaron de manera espont\u00e1nea, de las cuales ninguno result\u00f3 positivo.<\/strong><\/p>\n<p>&nbsp;<\/p>\n<p>Cualquier duda o consulta podr\u00e1n acercarse a cualquiera de las tres postas: <strong>Servicio Territorial N\u00b02<\/strong>, Av. Alberdi 2543, de 8 a 18 horas; <strong>Facultad de Ciencias de la Salud<\/strong>, Merlo entre Av. Pringles y 9 de julio, de 8 a 18 horas, y en el <strong>Centro Cultural Universitario<\/strong>, San Martin 1955, de 8 a 18 horas.<\/p>\n","protected":false},"excerpt":{"rendered":"<p>En la tercera jornada de inoculaci\u00f3n a ni\u00f1os y ni\u00f1as de 3 a 11 a\u00f1os se aplicaron, del total, 395<\/p>\n","protected":false},"author":2,"featured_media":35208,"comment_status":"closed","ping_status":"closed","sticky":false,"template":"","format":"standard","meta":{"_jetpack_memberships_contains_paid_content":false,"footnotes":""},"categories":[16,1],"tags":[],"class_list":["post-35560","post","type-post","status-publish","format-standard","has-post-thumbnail","hentry","category-covid-19","category-portada"],"jetpack_featured_media_url":"https:\/\/i0.wp.com\/cdnoticias.com\/wp-content\/uploads\/2021\/10\/vacunacion-covid-ni%C3%B1os-4.jpeg?fit=1280%2C853&ssl=1","jetpack_sharing_enabled":true,"_links":{"self":[{"href":"https:\/\/cdnoticias.com\/index.php\/wp-json\/wp\/v2\/posts\/35560","targetHints":{"allow":["GET"]}}],"collection":[{"href":"https:\/\/cdnoticias.com\/index.php\/wp-json\/wp\/v2\/posts"}],"about":[{"href":"https:\/\/cdnoticias.com\/index.php\/wp-json\/wp\/v2\/types\/post"}],"author":[{"embeddable":true,"href":"https:\/\/cdnoticias.com\/index.php\/wp-json\/wp\/v2\/users\/2"}],"replies":[{"embeddable":true,"href":"https:\/\/cdnoticias.com\/index.php\/wp-json\/wp\/v2\/comments?post=35560"}],"version-history":[{"count":0,"href":"https:\/\/cdnoticias.com\/index.php\/wp-json\/wp\/v2\/posts\/35560\/revisions"}],"wp:featuredmedia":[{"embeddable":true,"href":"https:\/\/cdnoticias.com\/index.php\/wp-json\/wp\/v2\/media\/35208"}],"wp:attachment":[{"href":"https:\/\/cdnoticias.com\/index.php\/wp-json\/wp\/v2\/media?parent=35560"}],"wp:term":[{"taxonomy":"category","embeddable":true,"href":"https:\/\/cdnoticias.com\/index.php\/wp-json\/wp\/v2\/categories?post=35560"},{"taxonomy":"post_tag","embeddable":true,"href":"https:\/\/cdnoticias.com\/index.php\/wp-json\/wp\/v2\/tags?post=35560"}],"curies":[{"name":"wp","href":"https:\/\/api.w.org\/{rel}","templated":true}]}}