{"id":35554,"date":"2021-10-15T09:30:46","date_gmt":"2021-10-15T12:30:46","guid":{"rendered":"http:\/\/www.centraldenoticias.com.ar\/?p=35554"},"modified":"2021-10-15T09:33:39","modified_gmt":"2021-10-15T12:33:39","slug":"con-la-presencia-de-eduardo-bali-bucca-lanzaron-la-agrupacion-hacer-olavarria","status":"publish","type":"post","link":"https:\/\/cdnoticias.com\/index.php\/2021\/10\/15\/con-la-presencia-de-eduardo-bali-bucca-lanzaron-la-agrupacion-hacer-olavarria\/","title":{"rendered":"Con la presencia de Eduardo \u201cBali\u201d Bucca,  lanzaron la agrupaci\u00f3n \u201cHacer Olavarr\u00eda\u201d"},"content":{"rendered":"<p>Fue en la sede local de ATSA donde se reuni\u00f3 un grupo de militantes y dirigentes. \u201cNos referenciamos en el Frente de Todos\u201d, se\u00f1alaron.<!--more--><\/p>\n<hr \/>\n<p><strong>\u201cUna agrupaci\u00f3n que trabajar\u00e1 para sacar del estancamiento a nuestro distrito y posicionar a Olavarr\u00eda en un lugar destacado de la provincia y el pa\u00eds\u201d<\/strong>, de esa manera se present\u00f3 en las \u00faltimas horas Hacer Olavarr\u00eda, la cual est\u00e1 integrada por militantes y referentes del \u00e1mbito sindical.<\/p>\n<p>&nbsp;<\/p>\n<p>Fue precisamente la sede local de ATSA la que sirvi\u00f3 de sede para el encuentro que dio origen a la agrupaci\u00f3n. \u201c<strong>Nos referenciamos en el Frente de Todos, por eso apoyamos y acompa\u00f1amos a todos sus candidatos\u201d<\/strong>, se\u00f1alaron.<\/p>\n<p>&nbsp;<\/p>\n<p><strong>\u201cTenemos capacidad y fuerza militante, de esto y del rol de Olavarr\u00eda en la Provincia dialogamos anoche con nuestro candidato a Senador provincial Eduardo &#8220;Bali&#8221; Bucca\u201d<\/strong>, concluyeron.<\/p>\n","protected":false},"excerpt":{"rendered":"<p>Fue en la sede local de ATSA donde se reuni\u00f3 un grupo de militantes y dirigentes. \u201cNos referenciamos en el<\/p>\n","protected":false},"author":3,"featured_media":35555,"comment_status":"closed","ping_status":"closed","sticky":false,"template":"","format":"standard","meta":{"_jetpack_memberships_contains_paid_content":false,"footnotes":""},"categories":[4,1],"tags":[],"class_list":["post-35554","post","type-post","status-publish","format-standard","has-post-thumbnail","hentry","category-politica","category-portada"],"jetpack_featured_media_url":"https:\/\/i0.wp.com\/cdnoticias.com\/wp-content\/uploads\/2021\/10\/WhatsApp-Image-2021-10-14-at-19.09.38.jpeg?fit=1280%2C853&ssl=1","jetpack_sharing_enabled":true,"_links":{"self":[{"href":"https:\/\/cdnoticias.com\/index.php\/wp-json\/wp\/v2\/posts\/35554","targetHints":{"allow":["GET"]}}],"collection":[{"href":"https:\/\/cdnoticias.com\/index.php\/wp-json\/wp\/v2\/posts"}],"about":[{"href":"https:\/\/cdnoticias.com\/index.php\/wp-json\/wp\/v2\/types\/post"}],"author":[{"embeddable":true,"href":"https:\/\/cdnoticias.com\/index.php\/wp-json\/wp\/v2\/users\/3"}],"replies":[{"embeddable":true,"href":"https:\/\/cdnoticias.com\/index.php\/wp-json\/wp\/v2\/comments?post=35554"}],"version-history":[{"count":0,"href":"https:\/\/cdnoticias.com\/index.php\/wp-json\/wp\/v2\/posts\/35554\/revisions"}],"wp:featuredmedia":[{"embeddable":true,"href":"https:\/\/cdnoticias.com\/index.php\/wp-json\/wp\/v2\/media\/35555"}],"wp:attachment":[{"href":"https:\/\/cdnoticias.com\/index.php\/wp-json\/wp\/v2\/media?parent=35554"}],"wp:term":[{"taxonomy":"category","embeddable":true,"href":"https:\/\/cdnoticias.com\/index.php\/wp-json\/wp\/v2\/categories?post=35554"},{"taxonomy":"post_tag","embeddable":true,"href":"https:\/\/cdnoticias.com\/index.php\/wp-json\/wp\/v2\/tags?post=35554"}],"curies":[{"name":"wp","href":"https:\/\/api.w.org\/{rel}","templated":true}]}}