{"id":3555,"date":"2020-10-09T18:00:09","date_gmt":"2020-10-09T21:00:09","guid":{"rendered":"http:\/\/www.centraldenoticias.com.ar\/?p=3555"},"modified":"2020-10-09T20:37:21","modified_gmt":"2020-10-09T23:37:21","slug":"siguen-los-cambios-en-la-coordinacion-de-seguridad-rural","status":"publish","type":"post","link":"https:\/\/cdnoticias.com\/index.php\/2020\/10\/09\/siguen-los-cambios-en-la-coordinacion-de-seguridad-rural\/","title":{"rendered":"Siguen los cambios en la Coordinaci\u00f3n de Seguridad Rural"},"content":{"rendered":"<p>Si bien al momento no se han dado proclamaciones oficiales, trascendi\u00f3 que ser\u00eda inminente el arribo de un nuevo titular para la dependencia ubicada en nuestra ciudad y de la que dependen varias Patrullas Rurales del centro bonaerense.<\/p>\n<p><!--more--><\/p>\n<hr \/>\n<p>&nbsp;<\/p>\n<p>Los rumores de movimientos en las filas o m\u00e1s bien en las c\u00fapulas de las distintas dependencias de la polic\u00eda bonaerense son situaciones frecuentes, m\u00e1s en tiempos complejos como los que est\u00e1 registrando esa fuerza a nivel provincial. No obstante, no deja de ser una particularidad lo que <strong>se ha dado en las \u00faltimas semanas en torno la Coordinaci\u00f3n Zonal de Seguridad Rural con base en nuestra ciudad y de la que dependen varios distritos del centro bonaerense.<\/strong><\/p>\n<p>&nbsp;<\/p>\n<p>Fue a fines del mes pasado cuando se oficializ\u00f3 la salida del comisario inspector Hern\u00e1n Aranz\u00e1bal, dej\u00e1ndole esa banca a quien hasta ese entonces esa su segundo, el comisario inspector Juan Laraignee. <strong>Lo llamativo es que en las \u00faltimas horas trascendi\u00f3 que un nuevo cambio de jefe en esa dependencia ser\u00eda inminente.<\/strong><\/p>\n<p>&nbsp;<\/p>\n<figure id=\"attachment_3558\" aria-describedby=\"caption-attachment-3558\" style=\"width: 800px\" class=\"wp-caption alignnone\"><img data-recalc-dims=\"1\" loading=\"lazy\" decoding=\"async\" class=\"size-large wp-image-3558\" src=\"https:\/\/i0.wp.com\/cdnoticias.com\/wp-content\/uploads\/2020\/10\/WhatsApp-Image-2020-10-06-at-11.43.44.jpeg?resize=800%2C450&#038;ssl=1\" alt=\"\" width=\"800\" height=\"450\" srcset=\"https:\/\/i0.wp.com\/cdnoticias.com\/wp-content\/uploads\/2020\/10\/WhatsApp-Image-2020-10-06-at-11.43.44.jpeg?resize=1024%2C576&amp;ssl=1 1024w, https:\/\/i0.wp.com\/cdnoticias.com\/wp-content\/uploads\/2020\/10\/WhatsApp-Image-2020-10-06-at-11.43.44.jpeg?resize=300%2C169&amp;ssl=1 300w, https:\/\/i0.wp.com\/cdnoticias.com\/wp-content\/uploads\/2020\/10\/WhatsApp-Image-2020-10-06-at-11.43.44.jpeg?resize=768%2C432&amp;ssl=1 768w, https:\/\/i0.wp.com\/cdnoticias.com\/wp-content\/uploads\/2020\/10\/WhatsApp-Image-2020-10-06-at-11.43.44.jpeg?w=1032&amp;ssl=1 1032w\" sizes=\"auto, (max-width: 800px) 100vw, 800px\" \/><figcaption id=\"caption-attachment-3558\" class=\"wp-caption-text\">El frente de la Coordinaci\u00f3n de Seguridad Rural de Olavarr\u00eda, que recientemente fue reacondicionado y se\u00f1alizado.<\/figcaption><\/figure>\n<p>&nbsp;<\/p>\n<p>El nombre del flamante titular, siguiendo siempre con lo confiado a <strong><em>Central de Noticias<\/em><\/strong>, ser\u00eda el del <strong>comisario inspector Marcos Atilio Patelli, quien llegar\u00eda acompa\u00f1ado el comisario Mart\u00edn Horacio P\u00e9rez, para llevar adelante el cargo de segundo jefe.<\/strong><\/p>\n<p>&nbsp;<\/p>\n<p>El comisario<strong> Juan Laraignee, por su parte, fue designado como titular de la subcoordinaci\u00f3n de Seguridad Rural de Ca\u00f1uelas.<\/strong><\/p>\n","protected":false},"excerpt":{"rendered":"<p>Si bien al momento no se han dado proclamaciones oficiales, trascendi\u00f3 que ser\u00eda inminente el arribo de un nuevo titular<\/p>\n","protected":false},"author":3,"featured_media":3557,"comment_status":"closed","ping_status":"closed","sticky":false,"template":"","format":"standard","meta":{"_jetpack_memberships_contains_paid_content":false,"footnotes":""},"categories":[5,1],"tags":[],"class_list":["post-3555","post","type-post","status-publish","format-standard","has-post-thumbnail","hentry","category-informacion-general","category-portada"],"jetpack_featured_media_url":"https:\/\/i0.wp.com\/cdnoticias.com\/wp-content\/uploads\/2020\/10\/WhatsApp-Image-2020-09-26-at-11.58.49.jpeg?fit=1280%2C726&ssl=1","jetpack_sharing_enabled":true,"_links":{"self":[{"href":"https:\/\/cdnoticias.com\/index.php\/wp-json\/wp\/v2\/posts\/3555","targetHints":{"allow":["GET"]}}],"collection":[{"href":"https:\/\/cdnoticias.com\/index.php\/wp-json\/wp\/v2\/posts"}],"about":[{"href":"https:\/\/cdnoticias.com\/index.php\/wp-json\/wp\/v2\/types\/post"}],"author":[{"embeddable":true,"href":"https:\/\/cdnoticias.com\/index.php\/wp-json\/wp\/v2\/users\/3"}],"replies":[{"embeddable":true,"href":"https:\/\/cdnoticias.com\/index.php\/wp-json\/wp\/v2\/comments?post=3555"}],"version-history":[{"count":0,"href":"https:\/\/cdnoticias.com\/index.php\/wp-json\/wp\/v2\/posts\/3555\/revisions"}],"wp:featuredmedia":[{"embeddable":true,"href":"https:\/\/cdnoticias.com\/index.php\/wp-json\/wp\/v2\/media\/3557"}],"wp:attachment":[{"href":"https:\/\/cdnoticias.com\/index.php\/wp-json\/wp\/v2\/media?parent=3555"}],"wp:term":[{"taxonomy":"category","embeddable":true,"href":"https:\/\/cdnoticias.com\/index.php\/wp-json\/wp\/v2\/categories?post=3555"},{"taxonomy":"post_tag","embeddable":true,"href":"https:\/\/cdnoticias.com\/index.php\/wp-json\/wp\/v2\/tags?post=3555"}],"curies":[{"name":"wp","href":"https:\/\/api.w.org\/{rel}","templated":true}]}}