{"id":35527,"date":"2021-10-15T09:26:11","date_gmt":"2021-10-15T12:26:11","guid":{"rendered":"http:\/\/www.centraldenoticias.com.ar\/?p=35527"},"modified":"2021-10-15T09:26:11","modified_gmt":"2021-10-15T12:26:11","slug":"berni-asumio-el-compromiso-de-jerarquizar-el-destacamento-policial-de-sierra-chica","status":"publish","type":"post","link":"https:\/\/cdnoticias.com\/index.php\/2021\/10\/15\/berni-asumio-el-compromiso-de-jerarquizar-el-destacamento-policial-de-sierra-chica\/","title":{"rendered":"Berni asumi\u00f3 el compromiso de jerarquizar el Destacamento Policial de Sierra Chica"},"content":{"rendered":"<p>La iniciativa surge a trav\u00e9s de un petitorio que recibi\u00f3 el Ministro en la ma\u00f1ana de este jueves en su visita a Olavarr\u00eda.<!--more--><\/p>\n<hr \/>\n<p>&nbsp;<\/p>\n<p>Este jueves por la ma\u00f1ana el <strong>Ministro de Seguridad<\/strong> de la Provincia de Buenos Aires, <strong>Sergio Berni<\/strong>, <strong>asumi\u00f3 el compromiso de jerarquizar el Destacamento Policial de Sierra Chica.<\/strong> La<strong> iniciativa<\/strong> surgi\u00f3 a partir de un <strong>petitorio elevado por N\u00e9stor Crevatin<\/strong>, <strong>vecino de la localidad<\/strong>, quien estuvo acompa\u00f1ado por <strong>Maximiliano Wesner y Gast\u00f3n Sarachu<\/strong>, <strong>candidatos a<\/strong> <strong>concejales por el Frente de Todos.<\/strong><\/p>\n<p>&nbsp;<\/p>\n<p><strong>Berni recibi\u00f3 la nota directamente de Crevatin<\/strong> al finalizar el acto formal, en el cual junto a<strong> Axel Kicillof,<\/strong> <strong>Gobernador de la Provincia de Buenos Aires<\/strong> entregaron una <a href=\"https:\/\/cdnoticias.com\/index.php\/2021\/10\/14\/llego-el-gobernador-kicillof-y-entregan-22-patrulleros-para-azul-y-olavarria\/\">nueva flota de patrullas para la polic\u00eda rural.<\/a><\/p>\n<p>&nbsp;<\/p>\n<p>El<strong> petitorio <\/strong>expone entre sus puntos la <strong>necesidad de Sierra Chica de contar con una subcomisar\u00eda para mejorar el servicio policial<\/strong>. La nota adem\u00e1s recuerda que <strong>dicha petici\u00f3n fue presentada<\/strong> en el Honorable <strong>Concejo Deliberante<\/strong> de Olavarr\u00eda <strong>en el a\u00f1o 2015,<\/strong> y que fue<strong> elevada a la Subsecretar\u00eda de Seguridad<\/strong>. Tambi\u00e9n se destaca que en el a\u00f1o <strong>2016 se envi\u00f3 el pedido al Ministerio de Seguridad de La Plata.<\/strong><\/p>\n<p>&nbsp;<\/p>\n","protected":false},"excerpt":{"rendered":"<p>La iniciativa surge a trav\u00e9s de un petitorio que recibi\u00f3 el Ministro en la ma\u00f1ana de este jueves en su<\/p>\n","protected":false},"author":6,"featured_media":35528,"comment_status":"closed","ping_status":"closed","sticky":false,"template":"","format":"standard","meta":{"_jetpack_memberships_contains_paid_content":false,"footnotes":""},"categories":[4,1],"tags":[],"class_list":["post-35527","post","type-post","status-publish","format-standard","has-post-thumbnail","hentry","category-politica","category-portada"],"jetpack_featured_media_url":"https:\/\/i0.wp.com\/cdnoticias.com\/wp-content\/uploads\/2021\/10\/WhatsApp-Image-2021-10-14-at-16.58.24.jpeg?fit=1280%2C719&ssl=1","jetpack_sharing_enabled":true,"_links":{"self":[{"href":"https:\/\/cdnoticias.com\/index.php\/wp-json\/wp\/v2\/posts\/35527","targetHints":{"allow":["GET"]}}],"collection":[{"href":"https:\/\/cdnoticias.com\/index.php\/wp-json\/wp\/v2\/posts"}],"about":[{"href":"https:\/\/cdnoticias.com\/index.php\/wp-json\/wp\/v2\/types\/post"}],"author":[{"embeddable":true,"href":"https:\/\/cdnoticias.com\/index.php\/wp-json\/wp\/v2\/users\/6"}],"replies":[{"embeddable":true,"href":"https:\/\/cdnoticias.com\/index.php\/wp-json\/wp\/v2\/comments?post=35527"}],"version-history":[{"count":0,"href":"https:\/\/cdnoticias.com\/index.php\/wp-json\/wp\/v2\/posts\/35527\/revisions"}],"wp:featuredmedia":[{"embeddable":true,"href":"https:\/\/cdnoticias.com\/index.php\/wp-json\/wp\/v2\/media\/35528"}],"wp:attachment":[{"href":"https:\/\/cdnoticias.com\/index.php\/wp-json\/wp\/v2\/media?parent=35527"}],"wp:term":[{"taxonomy":"category","embeddable":true,"href":"https:\/\/cdnoticias.com\/index.php\/wp-json\/wp\/v2\/categories?post=35527"},{"taxonomy":"post_tag","embeddable":true,"href":"https:\/\/cdnoticias.com\/index.php\/wp-json\/wp\/v2\/tags?post=35527"}],"curies":[{"name":"wp","href":"https:\/\/api.w.org\/{rel}","templated":true}]}}