{"id":3552,"date":"2020-10-09T18:17:58","date_gmt":"2020-10-09T21:17:58","guid":{"rendered":"http:\/\/www.centraldenoticias.com.ar\/?p=3552"},"modified":"2020-10-09T18:17:58","modified_gmt":"2020-10-09T21:17:58","slug":"show-de-daniel-ottino-solidario-con-el-comedor-dar-desde-el-alma","status":"publish","type":"post","link":"https:\/\/cdnoticias.com\/index.php\/2020\/10\/09\/show-de-daniel-ottino-solidario-con-el-comedor-dar-desde-el-alma\/","title":{"rendered":"Show de Daniel Ottino solidario con el comedor \u201cDar desde el Alma\u201d"},"content":{"rendered":"<p>&nbsp;<\/p>\n<p>Se realizar\u00e1 este s\u00e1bado desde las 22:00 por las redes del Foro Olavarr\u00eda. La gorra digital estar\u00e1 disponible para quienes quieran colaborar con el comedor que asiste a 20 familias de barrios Coronel Dorrego, Alberdi y Pickelado.<!--more--><\/p>\n<hr \/>\n<p>Este s\u00e1bado desde las 22:00 se realizar\u00e1 el vivo solidario de Daniel Ottino, a trav\u00e9s de las <strong>redes sociales del Foro Olavarr\u00eda.<\/strong> Con la modalidad de la gorra digital, <strong>todo lo recaudado ser\u00e1 destinado al comedor &#8220;Dar desde el Alma&#8221;.<\/strong><\/p>\n<p>&nbsp;<\/p>\n<p>Desde el Foro Olavarr\u00eda indicaron que, <strong>si bien el show se emitir\u00e1 bajo el formato \u201cvivo\u201d de las redes, el mismo fue grabado el pasado s\u00e1bado en el escenario de Complejo Norte sin p\u00fablico, respetando los protocolos de bioseguridad,<\/strong> y se transmitir\u00e1 en directo v\u00eda streaming por <a href=\"https:\/\/youtu.be\/5EuoV3etUSk\" target=\"_blank\" rel=\"noopener\">YouTube<\/a>, <a href=\"https:\/\/instagram.com\/foroolavarria?igshid=9uyv4eej0wle\" target=\"_blank\" rel=\"noopener\">Instagram<\/a> y <a href=\"https:\/\/m.facebook.com\/story.php?story_fbid=791781651390489&amp;id=252972125271447\" target=\"_blank\" rel=\"noopener\">Facebook Live<\/a> del Foro Olavarr\u00eda.<\/p>\n<p>&nbsp;<\/p>\n<p>Daniel Ottino brindar\u00e1 un repertorio de canciones consagradas por el p\u00fablico.<strong><em> \u201cAgradezco la oportunidad de volver a cantar para mi p\u00fablico adem\u00e1s de poder ayudar a un comedor de Olavarr\u00eda\u201d<\/em><\/strong> se\u00f1al\u00f3 Ottino.<\/p>\n<p>&nbsp;<\/p>\n<blockquote><p>\u201cHacerlo a trav\u00e9s de las redes ser\u00e1 todo un desaf\u00edo para m\u00ed\u201d agreg\u00f3 el popular cantante quien invit\u00f3 a todos a sumarse para ayudar a trav\u00e9s del aporte voluntario.<\/p><\/blockquote>\n<p>&nbsp;<\/p>\n<p>Los espectadores que deseen apoyar la labor del comedor \u201cDar desde el Alma\u201d podr\u00e1n hacer un <strong>aporte voluntario (Gorra Digital) que se canaliza a trav\u00e9s de Mercado Pago.<\/strong><\/p>\n<p>&nbsp;<\/p>\n<p><img data-recalc-dims=\"1\" loading=\"lazy\" decoding=\"async\" class=\"alignnone size-large wp-image-3553\" src=\"https:\/\/i0.wp.com\/cdnoticias.com\/wp-content\/uploads\/2020\/10\/vivootino1.jpg?resize=800%2C450&#038;ssl=1\" alt=\"\" width=\"800\" height=\"450\" srcset=\"https:\/\/i0.wp.com\/cdnoticias.com\/wp-content\/uploads\/2020\/10\/vivootino1.jpg?resize=1024%2C576&amp;ssl=1 1024w, https:\/\/i0.wp.com\/cdnoticias.com\/wp-content\/uploads\/2020\/10\/vivootino1.jpg?resize=300%2C169&amp;ssl=1 300w, https:\/\/i0.wp.com\/cdnoticias.com\/wp-content\/uploads\/2020\/10\/vivootino1.jpg?resize=768%2C432&amp;ssl=1 768w, https:\/\/i0.wp.com\/cdnoticias.com\/wp-content\/uploads\/2020\/10\/vivootino1.jpg?w=1280&amp;ssl=1 1280w\" sizes=\"auto, (max-width: 800px) 100vw, 800px\" \/><\/p>\n<p>&nbsp;<\/p>\n<p>El espectador puede hacer uno o varios pagos de $ 100 durante el VIVO o en los d\u00edas posteriores, con su tarjeta de D\u00e9bito o Cr\u00e9dito. Para facilitar dicho aporte, durante la transmisi\u00f3n del VIVO se publica el C\u00f3digo QR en pantalla y el link de Mercado Pago. Es muy importante destacar que <strong>ese aporte se deposita directamente a la cuenta del comedor sin ning\u00fan tipo de intermediaci\u00f3n de la organizaci\u00f3n.<\/strong><\/p>\n<p>&nbsp;<\/p>\n<p>La conducci\u00f3n estar\u00e1 a cargo de <strong>Mario Delgado<\/strong> bajo la coordinaci\u00f3n t\u00e9cnica de <strong>Agust\u00edn Alfonzo<\/strong> y el trabajo conjunto de los equipos del<strong> Foro Cultura y Foro Social de Olavarr\u00eda.<\/strong><\/p>\n<p>&nbsp;<\/p>\n<p><strong>Comedor \u201cDar desde el alma\u201d<\/strong><\/p>\n<p>&nbsp;<\/p>\n<p>Se trata de un grupo que naci\u00f3 en abril del 2020 para llevar alimentos y abrigo a <strong>m\u00e1s de 20 familias de barrios Coronel Dorrego, Alberdi y Pickelado.<\/strong><\/p>\n<p>&nbsp;<\/p>\n<p>Empezaron cocinando en el comedor Pocho Lepratti, gracias a la predisposici\u00f3n de sus integrantes que les brindaron las instalaciones, vajilla y materia prima para cocinar el primer d\u00eda ya que no contaban con nada para iniciar.<\/p>\n<p>&nbsp;<\/p>\n<p>Daniela y Mar\u00eda Elisa son la cara visible del comedor, pero todo lo que hacen posible es gracias a las donaciones de muchas personas solidarias que colaboran desde el anonimato. <strong>Trabajan con el Jard\u00edn de Infantes N\u00ba 915 de Alberdi casi Necochea y actualmente cocinan en la churrasquera cedida solidariamente por la Liga de f\u00fatbol. Entregan todos los s\u00e1bados al mediod\u00eda en la casa de Cintia Rastelli en San Mart\u00edn 790.<\/strong><\/p>\n<p>&nbsp;<\/p>\n<p>Las viandas van acompa\u00f1adas de una bolsa con <strong>alimentos no perecederos, pan, facturas y frutas.<\/strong><\/p>\n<p>&nbsp;<\/p>\n<p>\u201cDar desde el alma\u201d tambi\u00e9n colabora con familias que lo necesiten acerc\u00e1ndoles <strong>ropa, calzado, mobiliario y arman ajuares para que mam\u00e1s embarazadas sin recursos puedan recibir a sus beb\u00e9s.<\/strong><\/p>\n<p>&nbsp;<\/p>\n<p>&nbsp;<\/p>\n","protected":false},"excerpt":{"rendered":"<p>&nbsp; Se realizar\u00e1 este s\u00e1bado desde las 22:00 por las redes del Foro Olavarr\u00eda. La gorra digital estar\u00e1 disponible para<\/p>\n","protected":false},"author":5,"featured_media":3554,"comment_status":"closed","ping_status":"closed","sticky":false,"template":"","format":"standard","meta":{"_jetpack_memberships_contains_paid_content":false,"footnotes":""},"categories":[9,1],"tags":[],"class_list":["post-3552","post","type-post","status-publish","format-standard","has-post-thumbnail","hentry","category-cultura","category-portada"],"jetpack_featured_media_url":"https:\/\/i0.wp.com\/cdnoticias.com\/wp-content\/uploads\/2020\/10\/vivootino.jpg?fit=1280%2C846&ssl=1","jetpack_sharing_enabled":true,"_links":{"self":[{"href":"https:\/\/cdnoticias.com\/index.php\/wp-json\/wp\/v2\/posts\/3552","targetHints":{"allow":["GET"]}}],"collection":[{"href":"https:\/\/cdnoticias.com\/index.php\/wp-json\/wp\/v2\/posts"}],"about":[{"href":"https:\/\/cdnoticias.com\/index.php\/wp-json\/wp\/v2\/types\/post"}],"author":[{"embeddable":true,"href":"https:\/\/cdnoticias.com\/index.php\/wp-json\/wp\/v2\/users\/5"}],"replies":[{"embeddable":true,"href":"https:\/\/cdnoticias.com\/index.php\/wp-json\/wp\/v2\/comments?post=3552"}],"version-history":[{"count":0,"href":"https:\/\/cdnoticias.com\/index.php\/wp-json\/wp\/v2\/posts\/3552\/revisions"}],"wp:featuredmedia":[{"embeddable":true,"href":"https:\/\/cdnoticias.com\/index.php\/wp-json\/wp\/v2\/media\/3554"}],"wp:attachment":[{"href":"https:\/\/cdnoticias.com\/index.php\/wp-json\/wp\/v2\/media?parent=3552"}],"wp:term":[{"taxonomy":"category","embeddable":true,"href":"https:\/\/cdnoticias.com\/index.php\/wp-json\/wp\/v2\/categories?post=3552"},{"taxonomy":"post_tag","embeddable":true,"href":"https:\/\/cdnoticias.com\/index.php\/wp-json\/wp\/v2\/tags?post=3552"}],"curies":[{"name":"wp","href":"https:\/\/api.w.org\/{rel}","templated":true}]}}