{"id":35504,"date":"2021-10-14T15:14:59","date_gmt":"2021-10-14T18:14:59","guid":{"rendered":"http:\/\/www.centraldenoticias.com.ar\/?p=35504"},"modified":"2021-10-14T15:19:39","modified_gmt":"2021-10-14T18:19:39","slug":"carlos-alfredo-diaz-el-chimango-q-e-p-d","status":"publish","type":"post","link":"https:\/\/cdnoticias.com\/index.php\/2021\/10\/14\/carlos-alfredo-diaz-el-chimango-q-e-p-d\/","title":{"rendered":"Carlos Alfredo D\u00edaz &#8220;El Chimango&#8221; (Q.E.P.D.)"},"content":{"rendered":"<p>Falleci\u00f3 en Olavarr\u00eda el d\u00eda 14 de Octubre de 2021 a los 50 a\u00f1os de edad.<\/p>\n<p>Velatorio:\u00a0Espa\u00f1a 2942 departamento &#8220;A&#8221;. La sala se habilita a las 14:30. Responso:\u00a0Capilla Ardiente. Inhumaci\u00f3n:\u00a0 Cementerio Loma de Paz, jueves 14 de Octubre a las 16:30.<\/p>\n<p>Barrio en el que viv\u00eda: Vecino de Barrio Sarmiento Norte.<\/p>\n<p>Lugar de nacimiento: Nacido en Olavarr\u00eda.<\/p>\n<p>Actividad que desarrollaba: Transportista.<\/p>\n","protected":false},"excerpt":{"rendered":"<p>Falleci\u00f3 en Olavarr\u00eda el d\u00eda 14 de Octubre de 2021 a los 50 a\u00f1os de edad. Velatorio:\u00a0Espa\u00f1a 2942 departamento &#8220;A&#8221;.<\/p>\n","protected":false},"author":6,"featured_media":0,"comment_status":"closed","ping_status":"closed","sticky":false,"template":"","format":"standard","meta":{"_jetpack_memberships_contains_paid_content":false,"footnotes":""},"categories":[10],"tags":[],"class_list":["post-35504","post","type-post","status-publish","format-standard","hentry","category-necrologicas"],"jetpack_featured_media_url":"","jetpack_sharing_enabled":true,"_links":{"self":[{"href":"https:\/\/cdnoticias.com\/index.php\/wp-json\/wp\/v2\/posts\/35504","targetHints":{"allow":["GET"]}}],"collection":[{"href":"https:\/\/cdnoticias.com\/index.php\/wp-json\/wp\/v2\/posts"}],"about":[{"href":"https:\/\/cdnoticias.com\/index.php\/wp-json\/wp\/v2\/types\/post"}],"author":[{"embeddable":true,"href":"https:\/\/cdnoticias.com\/index.php\/wp-json\/wp\/v2\/users\/6"}],"replies":[{"embeddable":true,"href":"https:\/\/cdnoticias.com\/index.php\/wp-json\/wp\/v2\/comments?post=35504"}],"version-history":[{"count":0,"href":"https:\/\/cdnoticias.com\/index.php\/wp-json\/wp\/v2\/posts\/35504\/revisions"}],"wp:attachment":[{"href":"https:\/\/cdnoticias.com\/index.php\/wp-json\/wp\/v2\/media?parent=35504"}],"wp:term":[{"taxonomy":"category","embeddable":true,"href":"https:\/\/cdnoticias.com\/index.php\/wp-json\/wp\/v2\/categories?post=35504"},{"taxonomy":"post_tag","embeddable":true,"href":"https:\/\/cdnoticias.com\/index.php\/wp-json\/wp\/v2\/tags?post=35504"}],"curies":[{"name":"wp","href":"https:\/\/api.w.org\/{rel}","templated":true}]}}