{"id":35493,"date":"2021-10-14T14:46:20","date_gmt":"2021-10-14T17:46:20","guid":{"rendered":"http:\/\/www.centraldenoticias.com.ar\/?p=35493"},"modified":"2021-10-15T10:21:49","modified_gmt":"2021-10-15T13:21:49","slug":"elecciones-ahora-que-estamos-saliendo-se-puede-empezar-a-hablar-de-los-proyectos-a-futuro","status":"publish","type":"post","link":"https:\/\/cdnoticias.com\/index.php\/2021\/10\/14\/elecciones-ahora-que-estamos-saliendo-se-puede-empezar-a-hablar-de-los-proyectos-a-futuro\/","title":{"rendered":"Elecciones: \u201cAhora que estamos saliendo se puede empezar a hablar de los proyectos a futuro\u201d"},"content":{"rendered":"<p>El gobernador Kicillof defini\u00f3 as\u00ed este tramo de la campa\u00f1a hacia las Legislativas. Y advirti\u00f3: \u201csi los que quisieron tarifazos vuelven y tienen mayor\u00eda yo creo que lo que van a votar son tarifazos\u201d.<\/p>\n<p><!--more--><\/p>\n<hr \/>\n<p><a href=\"https:\/\/cdnoticias.com\/index.php\/2021\/10\/14\/kicillof-anuncio-suba-salarial-y-en-las-horas-cores-en-el-acto-en-olavarria\/\" target=\"_blank\" rel=\"noopener\">Tras el acto en el que anunci\u00f3 la formaci\u00f3n de la Polic\u00eda Rural y entreg\u00f3 patrulleros<\/a> en el Cerro Luciano Fortabat, <strong>el gobernador Axel Kicillof, brind\u00f3 una conferencia de prensa<\/strong> en la que respondi\u00f3 algunas consultas de los medios locales.<\/p>\n<p>&nbsp;<\/p>\n<p>Una de ellas fue <strong>referente al resultado electoral en las PASO en la S\u00e9ptima<\/strong>, adverso para el Frente de Todos y en la secci\u00f3n donde el Gobernador pretende lograr al menos una banca para el Senado provincial. <strong>\u201cHa sido como todo lo que ocurre, novedoso y excepcional, nunca hubo una elecci\u00f3n en una pandemia<\/strong>. Las PASO fueron en un momento donde ten\u00edamos muchos casos todav\u00eda, donde hubo que tomar medidas y protocolos para votar\u201d dijo para se\u00f1alar m\u00e1s adelante que <strong>\u201ctener elecciones en medio de esa situaci\u00f3n es muy dif\u00edcil y con dificultades tambi\u00e9n para avizorar un horizonte de futuro\u201d<\/strong>.<\/p>\n<p>&nbsp;<\/p>\n<p>Contrast\u00f3 con la situaci\u00f3n favorable ante la ca\u00edda de los contagios de Covid para afirmar que \u201choy tenemos una plataforma segura para decir con convicci\u00f3n que<strong> las medidas que estamos tomando son las que corresponden para asegurar una reactivaci\u00f3<\/strong>n. Y que esa reactivaci\u00f3n, si tenemos las mayor\u00edas que necesitamos, vamos a <strong>poder convertirla en una reactivaci\u00f3n para todos y todas<\/strong>. Si no va a ser un rebote autom\u00e1tico y va a quedar para los de siempre\u201d.<\/p>\n<p>&nbsp;<\/p>\n<p><img data-recalc-dims=\"1\" loading=\"lazy\" decoding=\"async\" class=\"alignnone size-large wp-image-35465\" src=\"https:\/\/i0.wp.com\/cdnoticias.com\/wp-content\/uploads\/2021\/10\/cronica-kicillof-olavarria12.jpg?resize=800%2C445&#038;ssl=1\" alt=\"\" width=\"800\" height=\"445\" srcset=\"https:\/\/i0.wp.com\/cdnoticias.com\/wp-content\/uploads\/2021\/10\/cronica-kicillof-olavarria12.jpg?resize=1024%2C570&amp;ssl=1 1024w, https:\/\/i0.wp.com\/cdnoticias.com\/wp-content\/uploads\/2021\/10\/cronica-kicillof-olavarria12.jpg?resize=300%2C167&amp;ssl=1 300w, https:\/\/i0.wp.com\/cdnoticias.com\/wp-content\/uploads\/2021\/10\/cronica-kicillof-olavarria12.jpg?resize=768%2C427&amp;ssl=1 768w, https:\/\/i0.wp.com\/cdnoticias.com\/wp-content\/uploads\/2021\/10\/cronica-kicillof-olavarria12.jpg?resize=800%2C445&amp;ssl=1 800w, https:\/\/i0.wp.com\/cdnoticias.com\/wp-content\/uploads\/2021\/10\/cronica-kicillof-olavarria12.jpg?w=1600&amp;ssl=1 1600w, https:\/\/i0.wp.com\/cdnoticias.com\/wp-content\/uploads\/2021\/10\/cronica-kicillof-olavarria12.jpg?w=2400&amp;ssl=1 2400w\" sizes=\"auto, (max-width: 800px) 100vw, 800px\" \/><\/p>\n<p>&nbsp;<\/p>\n<p>\u201c<strong>Obviamente si los que quisieron tarifazos vuelven y tienen mayor\u00eda yo creo que lo que van a votar son tarifazos<\/strong>. Esa es la pol\u00edtica de la que estaban convencidos y nunca dijeron que eso era lo que hab\u00eda que hacer\u201d cuestion\u00f3 Kicillof a la oposici\u00f3n de Juntos sobre lo que ahond\u00f3 m\u00e1s adelante con cr\u00edticas a Mar\u00eda Eugenia Vidal. \u201cCreo que hay una situaci\u00f3n compleja y tener una elecci\u00f3n en medio de esa situaci\u00f3n tan complicada, la verdad es que es algo que uno no puede prever, pero hoy estamos en condiciones distintas\u201d enfatiz\u00f3 Kicillof con referencias a las obras que se llevan adelante en la regi\u00f3n, especialmente en la ruta 51.<\/p>\n<p>&nbsp;<\/p>\n<blockquote><p>\u201cEstamos haciendo transformaciones muy fuertes, dif\u00edcil hablar de eso cuando est\u00e1bamos transitando lo peor de la pandemia. Ahora que estamos saliendo se puede empezar a hablar de los proyectos a futuro. Y a futuro tenemos un plan de obra inmenso y convoca a todos los sectores, a recuperar lo perdido y seguir creciendo. As\u00ed que creo que va a ser una situaci\u00f3n distinta de cara a lo que viene. Y no porque hayamos cambiado sino porque la situaci\u00f3n sanitaria nos lo permite\u201d cerr\u00f3 el Gobernador.<\/p><\/blockquote>\n<p>&nbsp;<\/p>\n<p><strong>Reactivaci\u00f3n y mejoras econ\u00f3micas<\/strong><\/p>\n<p>&nbsp;<\/p>\n<p>El mandatario profundiz\u00f3 en definiciones sobre las consecuencias de la pandemia en la econom\u00eda mundial. <strong>Asegur\u00f3 que en el pa\u00eds se registra un importante nivel de crecimiento en t\u00e9rminos globales, aunque con ello se alcanzan niveles de 2019<\/strong>. \u201cLas estimaciones del sector privado hablan de 7 a 8% de crecimiento, esas tasas chinas que tuvimos solo en la \u00e9poca de N\u00e9stor. Pero venimos de una ca\u00edda del 10%. Eso alcanza para llevar a la econom\u00eda de los niveles de prepandemia, que eran niveles malos\u201d explic\u00f3.<\/p>\n<p>&nbsp;<\/p>\n<p><img data-recalc-dims=\"1\" loading=\"lazy\" decoding=\"async\" class=\"alignnone size-large wp-image-35434\" src=\"https:\/\/i0.wp.com\/cdnoticias.com\/wp-content\/uploads\/2021\/10\/entrega-patrulleros5.jpg?resize=800%2C445&#038;ssl=1\" alt=\"\" width=\"800\" height=\"445\" srcset=\"https:\/\/i0.wp.com\/cdnoticias.com\/wp-content\/uploads\/2021\/10\/entrega-patrulleros5.jpg?resize=1024%2C570&amp;ssl=1 1024w, https:\/\/i0.wp.com\/cdnoticias.com\/wp-content\/uploads\/2021\/10\/entrega-patrulleros5.jpg?resize=300%2C167&amp;ssl=1 300w, https:\/\/i0.wp.com\/cdnoticias.com\/wp-content\/uploads\/2021\/10\/entrega-patrulleros5.jpg?resize=768%2C427&amp;ssl=1 768w, https:\/\/i0.wp.com\/cdnoticias.com\/wp-content\/uploads\/2021\/10\/entrega-patrulleros5.jpg?resize=800%2C445&amp;ssl=1 800w, https:\/\/i0.wp.com\/cdnoticias.com\/wp-content\/uploads\/2021\/10\/entrega-patrulleros5.jpg?w=1086&amp;ssl=1 1086w\" sizes=\"auto, (max-width: 800px) 100vw, 800px\" \/><\/p>\n<p>&nbsp;<\/p>\n<p>\u201cHoy estamos en una transici\u00f3n hacia una recuperaci\u00f3n completa donde <strong>hay que estar mirando y administrando c\u00f3mo se hace esa recuperaci\u00f3n<\/strong>. No sea cosa, que vuelva la demanda, con lo que hacemos de promoci\u00f3n del turismo por ejemplo, y quede en pocos bolsillos\u201d advirti\u00f3.<\/p>\n<p>&nbsp;<\/p>\n<blockquote><p>Apunt\u00f3 a que \u201cesa es una cuesti\u00f3n que yo creo, porque estamos en el marco de una elecci\u00f3n, que tiene que ver con pol\u00edticas activas del estado. Los que son del s\u00e1lvese quien pueda, \u00bfqu\u00e9 har\u00edan? Ver c\u00f3mo se reactivan algunos sectores\u201d para plantear que \u201clo que necesitamos es realmente un programa de reactivaci\u00f3n que venga de abajo hacia arriba. No esperar el derrame\u201d.<\/p><\/blockquote>\n<p>&nbsp;<\/p>\n<p>En ese punto sostuvo que \u201csi hoy la mayor\u00eda legislativas, aqu\u00ed en la provincia de Buenos Aires, la tiene el macrismo y las pol\u00edticas que ellos implementan, va a ser dif\u00edcil que esto ocurra. Lo digo no para agitar un fantasma, es lo que pienso\u201d. En ese sentido consider\u00f3 que<strong> \u201choy hay que ver qu\u00e9 pol\u00edticas nos pueden sacar de una pandemia con una distribuci\u00f3n equitativa del ingreso, de la riqueza y una reactivaci\u00f3n que llegue a todos\u201d<\/strong>.<\/p>\n<p>&nbsp;<\/p>\n","protected":false},"excerpt":{"rendered":"<p>El gobernador Kicillof defini\u00f3 as\u00ed este tramo de la campa\u00f1a hacia las Legislativas. Y advirti\u00f3: \u201csi los que quisieron tarifazos<\/p>\n","protected":false},"author":4,"featured_media":35438,"comment_status":"closed","ping_status":"closed","sticky":false,"template":"","format":"standard","meta":{"_jetpack_memberships_contains_paid_content":false,"footnotes":""},"categories":[17,1],"tags":[],"class_list":["post-35493","post","type-post","status-publish","format-standard","has-post-thumbnail","hentry","category-elecciones-2021","category-portada"],"jetpack_featured_media_url":"https:\/\/i0.wp.com\/cdnoticias.com\/wp-content\/uploads\/2021\/10\/entrega-patrulleros7.jpg?fit=1600%2C890&ssl=1","jetpack_sharing_enabled":true,"_links":{"self":[{"href":"https:\/\/cdnoticias.com\/index.php\/wp-json\/wp\/v2\/posts\/35493","targetHints":{"allow":["GET"]}}],"collection":[{"href":"https:\/\/cdnoticias.com\/index.php\/wp-json\/wp\/v2\/posts"}],"about":[{"href":"https:\/\/cdnoticias.com\/index.php\/wp-json\/wp\/v2\/types\/post"}],"author":[{"embeddable":true,"href":"https:\/\/cdnoticias.com\/index.php\/wp-json\/wp\/v2\/users\/4"}],"replies":[{"embeddable":true,"href":"https:\/\/cdnoticias.com\/index.php\/wp-json\/wp\/v2\/comments?post=35493"}],"version-history":[{"count":0,"href":"https:\/\/cdnoticias.com\/index.php\/wp-json\/wp\/v2\/posts\/35493\/revisions"}],"wp:featuredmedia":[{"embeddable":true,"href":"https:\/\/cdnoticias.com\/index.php\/wp-json\/wp\/v2\/media\/35438"}],"wp:attachment":[{"href":"https:\/\/cdnoticias.com\/index.php\/wp-json\/wp\/v2\/media?parent=35493"}],"wp:term":[{"taxonomy":"category","embeddable":true,"href":"https:\/\/cdnoticias.com\/index.php\/wp-json\/wp\/v2\/categories?post=35493"},{"taxonomy":"post_tag","embeddable":true,"href":"https:\/\/cdnoticias.com\/index.php\/wp-json\/wp\/v2\/tags?post=35493"}],"curies":[{"name":"wp","href":"https:\/\/api.w.org\/{rel}","templated":true}]}}