{"id":35481,"date":"2021-10-14T13:16:12","date_gmt":"2021-10-14T16:16:12","guid":{"rendered":"http:\/\/www.centraldenoticias.com.ar\/?p=35481"},"modified":"2021-10-14T14:00:56","modified_gmt":"2021-10-14T17:00:56","slug":"la-pista-de-ciclismo-de-racing-pasara-a-ser-municipal","status":"publish","type":"post","link":"https:\/\/cdnoticias.com\/index.php\/2021\/10\/14\/la-pista-de-ciclismo-de-racing-pasara-a-ser-municipal\/","title":{"rendered":"La pista de ciclismo de Racing pasar\u00e1 a ser municipal"},"content":{"rendered":"<p>Tras la pol\u00e9mica por el cierre del predio, las protestas de los ciclistas y varias charlas, el Intendente firm\u00f3 un acta acuerdo con Racing para donar el lugar a la comuna y gestionarlo. Construir\u00e1n, all\u00ed, un gimnasio. \u00a0<!--more--><\/p>\n<hr \/>\n<p><em><strong>\u201cLa pista de ciclismo de Racing pasa a ser municipal, creo que es una gran noticia para todos. Venimos trabajando con la gente del club hace rato y quer\u00edamos aprovechar para juntar las actividades<\/strong><\/em>\u201d, dijo el intendente Galli en el marco de la firma de un acta acuerdo con el presidente del Club Racing Mario Giacomasso, que se realiz\u00f3 este jueves al mediod\u00eda, en el Sal\u00f3n Blanco de la Municipalidad.<\/p>\n<p>&nbsp;<\/p>\n<blockquote><p>Mediante este acuerdo, la entidad deportiva se comprometi\u00f3 a instrumentar la donaci\u00f3n de la pista de ciclismo, a favor del Municipio de Olavarr\u00eda<\/p><\/blockquote>\n<p>&nbsp;<\/p>\n<p>En la oportunidad se encontraban presentes, integrantes de la <strong>Uni\u00f3n de Ciclistas de Olavarr\u00eda, entre ellos su presidente Mario Di Martino, quienes mostraron su gran emoci\u00f3n ante la sorpresa del anuncio<\/strong>.<\/p>\n<p>&nbsp;<\/p>\n<p><img data-recalc-dims=\"1\" loading=\"lazy\" decoding=\"async\" class=\"alignnone size-large wp-image-35483\" src=\"https:\/\/i0.wp.com\/cdnoticias.com\/wp-content\/uploads\/2021\/10\/Deportes-Pista-de-ciclismo-2.jpg?resize=800%2C534&#038;ssl=1\" alt=\"\" width=\"800\" height=\"534\" srcset=\"https:\/\/i0.wp.com\/cdnoticias.com\/wp-content\/uploads\/2021\/10\/Deportes-Pista-de-ciclismo-2.jpg?resize=1024%2C684&amp;ssl=1 1024w, https:\/\/i0.wp.com\/cdnoticias.com\/wp-content\/uploads\/2021\/10\/Deportes-Pista-de-ciclismo-2.jpg?resize=300%2C201&amp;ssl=1 300w, https:\/\/i0.wp.com\/cdnoticias.com\/wp-content\/uploads\/2021\/10\/Deportes-Pista-de-ciclismo-2.jpg?resize=768%2C513&amp;ssl=1 768w, https:\/\/i0.wp.com\/cdnoticias.com\/wp-content\/uploads\/2021\/10\/Deportes-Pista-de-ciclismo-2.jpg?resize=272%2C182&amp;ssl=1 272w, https:\/\/i0.wp.com\/cdnoticias.com\/wp-content\/uploads\/2021\/10\/Deportes-Pista-de-ciclismo-2.jpg?w=1600&amp;ssl=1 1600w, https:\/\/i0.wp.com\/cdnoticias.com\/wp-content\/uploads\/2021\/10\/Deportes-Pista-de-ciclismo-2.jpg?w=2400&amp;ssl=1 2400w\" sizes=\"auto, (max-width: 800px) 100vw, 800px\" \/><\/p>\n<p>&nbsp;<\/p>\n<p>Participaron del encuentro \u2013adem\u00e1s- el secretario de Desarrollo Humano y Calidad de Vida Diego Robbiani, el subsecretario de Deportes y Recreaci\u00f3n Juan Agust\u00edn Galli y el vicepresidente de Racing Roberto Ciuffetelli.<\/p>\n<p>&nbsp;<\/p>\n<p>Antes de la firma, <strong>el Intendente recibi\u00f3 a un grupo de ciclistas de entre 14 a 18 a\u00f1os, que participaron del Campeonato Argentino que se llev\u00f3 a cabo recientemente en C\u00f3rdoba,<\/strong> logrando conseguir ubicarse en los primeros lugares del podio.<\/p>\n<p>&nbsp;<\/p>\n<p>Al respecto Ezequiel Galli destac\u00f3 la<em> \u201cbuena representaci\u00f3n de j\u00f3venes que tenemos, que entrenan todos los d\u00edas. Hay un gran semillero. Es m\u00e1s que importante lo que est\u00e1 pasando en el ciclismo, que nos representa, con un esfuerzo enorme. Es grandioso\u201d.<\/em><\/p>\n<p>&nbsp;<\/p>\n<blockquote><p>\u00a0\u201cEs un deporte que ha crecido mucho en el \u00faltimo tiempo. En todo lugar hay olavarrienses participando con mucho protagonismo. Hay un lindo semillero, incluso que se inician desde m\u00e1s chicos\u201d, sostuvo Di Martino.<\/p><\/blockquote>\n<p>&nbsp;<\/p>\n<p><em>\u201cPara nosotros era important\u00edsimo sostener la pista, por el crecimiento que tiene la disciplina deportiva y la seguridad que les brinda contar con un espacio de dichas caracter\u00edsticas. Es una noticia muy importante\u201d<\/em>, sostuvo Galli.<\/p>\n<p>&nbsp;<\/p>\n<p><em>\u201cEl club hizo un gran aporte, han sido muy generosos para que esto suceda. Mario (Giacomasso) y toda la Comisi\u00f3n Directiva, junto con el trabajo de Diego (Robbiani), Juan Agust\u00edn (Galli) y el equipo de Deportes\u201d<\/em>, reconoci\u00f3.<\/p>\n<p>&nbsp;<\/p>\n<p><strong><em>\u201cEs una noticia muy linda para el deporte\u201d<\/em><\/strong>, asegur\u00f3.<\/p>\n<p>&nbsp;<\/p>\n<p><img data-recalc-dims=\"1\" loading=\"lazy\" decoding=\"async\" class=\"alignnone size-large wp-image-35484\" src=\"https:\/\/i0.wp.com\/cdnoticias.com\/wp-content\/uploads\/2021\/10\/Deportes-Pista-de-ciclismo-3.jpg?resize=800%2C534&#038;ssl=1\" alt=\"\" width=\"800\" height=\"534\" srcset=\"https:\/\/i0.wp.com\/cdnoticias.com\/wp-content\/uploads\/2021\/10\/Deportes-Pista-de-ciclismo-3.jpg?resize=1024%2C684&amp;ssl=1 1024w, https:\/\/i0.wp.com\/cdnoticias.com\/wp-content\/uploads\/2021\/10\/Deportes-Pista-de-ciclismo-3.jpg?resize=300%2C201&amp;ssl=1 300w, https:\/\/i0.wp.com\/cdnoticias.com\/wp-content\/uploads\/2021\/10\/Deportes-Pista-de-ciclismo-3.jpg?resize=768%2C513&amp;ssl=1 768w, https:\/\/i0.wp.com\/cdnoticias.com\/wp-content\/uploads\/2021\/10\/Deportes-Pista-de-ciclismo-3.jpg?resize=272%2C182&amp;ssl=1 272w, https:\/\/i0.wp.com\/cdnoticias.com\/wp-content\/uploads\/2021\/10\/Deportes-Pista-de-ciclismo-3.jpg?w=1600&amp;ssl=1 1600w, https:\/\/i0.wp.com\/cdnoticias.com\/wp-content\/uploads\/2021\/10\/Deportes-Pista-de-ciclismo-3.jpg?w=2400&amp;ssl=1 2400w\" sizes=\"auto, (max-width: 800px) 100vw, 800px\" \/><\/p>\n<p>&nbsp;<\/p>\n<p>Sobre el final, Giacomasso en los agradecimientos, resalt\u00f3 que <em>\u201cel di\u00e1logo fue important\u00edsimo todo el tiempo. Son esas cosas lindas, cuando se sabe que traccionando todos juntos son m\u00e1s deportistas en la instituci\u00f3n y todos sabemos el valor de eso\u201d.<\/em><\/p>\n<p>&nbsp;<\/p>\n<p><strong><em>\u201cLo ven\u00edamos buscando hace much\u00edsimos a\u00f1os. Se hab\u00eda hecho muy dif\u00edcil. Estamos totalmente dispuestos a trabajar en ese predio. Es perfecto el lugar para nosotros\u201d<\/em><\/strong>, destac\u00f3 Di Martino.<\/p>\n<p>&nbsp;<\/p>\n<p><span style=\"text-decoration: underline;\"><strong>Acta acuerdo<\/strong><\/span><\/p>\n<p>&nbsp;<\/p>\n<p>Cabe aclarar que<strong> dicha donaci\u00f3n ser\u00e1 efectivizada una vez que se identifiquen las medidas del terreno donde se encuentra emplazada la pista, a los fines de instrumentar la subdivisi\u00f3n del predio.<\/strong><\/p>\n<p>&nbsp;<\/p>\n<p>Como contraprestaci\u00f3n, <strong>el Municipio se compromete a construir en tres etapas un gimnasio (de 30 x 50 metros) dentro del predio deportivo para las actividades de b\u00e1squet, v\u00f3ley y handball<\/strong>, teniendo en cuenta que las condiciones actuales para llevar adelante dichas disciplinas resultan insuficientes.<\/p>\n<p>&nbsp;<\/p>\n<p>Desde la dirigencia deportiva chaira destacaron que<strong> las instalaciones del club no solo resultan de utilidad para los socios, sino que tambi\u00e9n para alumnos de distintos establecimientos educativos de Olavarr\u00eda.<\/strong><\/p>\n<p>&nbsp;<\/p>\n<p><strong>El Municipio proyecta la construcci\u00f3n del gimnasio en tres etapas:<\/strong> la primera en 2021 que consiste en las tareas preliminares de nivelaci\u00f3n de terreno, contrapiso y terminaci\u00f3n de llaneado mec\u00e1nico. En 2022 se prev\u00e9 la construcci\u00f3n de bases de hormig\u00f3n, montaje de columnas met\u00e1licas y techo, con una altura m\u00ednima de 7 metros. Para 2023, las obras comprender\u00e1n el zanjeo y llenado de hormig\u00f3n para el armado de cimientos, muros perimetrales de bloques, revoques, colocaci\u00f3n de aberturas para iluminaci\u00f3n y ventilaci\u00f3n, instalaci\u00f3n de dos portones corredizos y salida de emergencia reglamentaria, para habilitaci\u00f3n municipal posterior.<\/p>\n","protected":false},"excerpt":{"rendered":"<p>Tras la pol\u00e9mica por el cierre del predio, las protestas de los ciclistas y varias charlas, el Intendente firm\u00f3 un<\/p>\n","protected":false},"author":2,"featured_media":35482,"comment_status":"closed","ping_status":"closed","sticky":false,"template":"","format":"standard","meta":{"_jetpack_memberships_contains_paid_content":false,"footnotes":""},"categories":[5,1],"tags":[],"class_list":["post-35481","post","type-post","status-publish","format-standard","has-post-thumbnail","hentry","category-informacion-general","category-portada"],"jetpack_featured_media_url":"https:\/\/i0.wp.com\/cdnoticias.com\/wp-content\/uploads\/2021\/10\/Deportes-Pista-de-ciclismo-.jpg?fit=2560%2C1711&ssl=1","jetpack_sharing_enabled":true,"_links":{"self":[{"href":"https:\/\/cdnoticias.com\/index.php\/wp-json\/wp\/v2\/posts\/35481","targetHints":{"allow":["GET"]}}],"collection":[{"href":"https:\/\/cdnoticias.com\/index.php\/wp-json\/wp\/v2\/posts"}],"about":[{"href":"https:\/\/cdnoticias.com\/index.php\/wp-json\/wp\/v2\/types\/post"}],"author":[{"embeddable":true,"href":"https:\/\/cdnoticias.com\/index.php\/wp-json\/wp\/v2\/users\/2"}],"replies":[{"embeddable":true,"href":"https:\/\/cdnoticias.com\/index.php\/wp-json\/wp\/v2\/comments?post=35481"}],"version-history":[{"count":0,"href":"https:\/\/cdnoticias.com\/index.php\/wp-json\/wp\/v2\/posts\/35481\/revisions"}],"wp:featuredmedia":[{"embeddable":true,"href":"https:\/\/cdnoticias.com\/index.php\/wp-json\/wp\/v2\/media\/35482"}],"wp:attachment":[{"href":"https:\/\/cdnoticias.com\/index.php\/wp-json\/wp\/v2\/media?parent=35481"}],"wp:term":[{"taxonomy":"category","embeddable":true,"href":"https:\/\/cdnoticias.com\/index.php\/wp-json\/wp\/v2\/categories?post=35481"},{"taxonomy":"post_tag","embeddable":true,"href":"https:\/\/cdnoticias.com\/index.php\/wp-json\/wp\/v2\/tags?post=35481"}],"curies":[{"name":"wp","href":"https:\/\/api.w.org\/{rel}","templated":true}]}}