{"id":35450,"date":"2021-10-14T11:48:31","date_gmt":"2021-10-14T14:48:31","guid":{"rendered":"http:\/\/www.centraldenoticias.com.ar\/?p=35450"},"modified":"2021-10-14T11:48:31","modified_gmt":"2021-10-14T14:48:31","slug":"abrio-la-inscripcion-a-carreras-para-el-2022-en-la-facultad-de-ciencias-sociales","status":"publish","type":"post","link":"https:\/\/cdnoticias.com\/index.php\/2021\/10\/14\/abrio-la-inscripcion-a-carreras-para-el-2022-en-la-facultad-de-ciencias-sociales\/","title":{"rendered":"Abri\u00f3 la inscripci\u00f3n a carreras para el 2022 en la Facultad de Ciencias Sociales"},"content":{"rendered":"<p>Ser\u00e1 hasta el 29 de diciembre. Los interesados podr\u00e1n preinscribirse para el ingreso 2022 a las seis carreras de grado presenciales de la Facultad de Ciencias Sociales &#8211; UNICEN.\u00a0<!--more--><\/p>\n<hr \/>\n<p>Desde esta semana<strong> comenz\u00f3 oficialmente el per\u00edodo de preinscripci\u00f3n a las seis carreras de grado que se ofrecen en la Facultad de Ciencias Sociales durante el 2022.<\/strong> Estar\u00e1 abierto hasta el 29 de diciembre, para lo cual se deber\u00e1 completar el formulario de preinscripci\u00f3n disponible en la web de Sociales.<\/p>\n<p>&nbsp;<\/p>\n<blockquote><p>A partir del 1 de diciembre se recepcionar\u00e1 la documentaci\u00f3n de manera presencial en el Departamento de Alumnos, ubicado en el edificio donde funciona la Facultad, completando as\u00ed el tr\u00e1mite de inscripci\u00f3n.<\/p><\/blockquote>\n<p>&nbsp;<\/p>\n<p>Desde hace m\u00e1s de 30 a\u00f1os la FACSO forma graduados y graduadas de las <strong>carreras de Licenciatura en Comunicaci\u00f3n Social; Licenciatura en Antropolog\u00eda orientaci\u00f3n Social; Licenciatura en Antropolog\u00eda orientaci\u00f3n Arqueolog\u00eda; Periodismo y Profesorados en Comunicaci\u00f3n Social y Antropolog\u00eda.<\/strong> Estas carreras son elegidas a\u00f1o a a\u00f1o por j\u00f3venes de Olavarr\u00eda, de otras ciudades de la Provincia de Buenos Aires y otras provincias, para cursar sus estudios universitarios.<\/p>\n<p>&nbsp;<\/p>\n<p>Desde sus comienzos la FACSO ha tenido una amplia visibilidad e inserci\u00f3n en la comunidad de Olavarr\u00eda y la regi\u00f3n, y en sus carreras siempre ha puesto \u00e9nfasis en la construcci\u00f3n cr\u00edtica del conocimiento y el compromiso social.<\/p>\n<p>&nbsp;<\/p>\n<p><strong>La Facultad de Ciencias Sociales es una instituci\u00f3n de referencia permanente en el \u00e1mbito de la ciencia y la investigaci\u00f3n<\/strong>, que trabaja en articulaci\u00f3n permanente con organismos nacionales e internacionales de investigaci\u00f3n.<\/p>\n<p>&nbsp;<\/p>\n<p><span style=\"text-decoration: underline;\"><strong>Pasos para realizar la inscripci\u00f3n<\/strong><\/span><\/p>\n<p>&nbsp;<\/p>\n<p>Los pasos para realizar la inscripci\u00f3n a las carreras de grado son los siguientes:<\/p>\n<p>&nbsp;<\/p>\n<p><strong>Paso 1:<\/strong> ingresar en la web a la opci\u00f3n Inscripci\u00f3n 2022 y completar el formulario de preinscripci\u00f3n. Una vez completo descargar el comprobante en archivo PDF (las cuatro planillas que genera el sistema) e imprimirlo.<\/p>\n<p>&nbsp;<\/p>\n<p><strong>Paso 2:<\/strong> Reunir la siguiente documentaci\u00f3n (en papel):<\/p>\n<p>&nbsp;<\/p>\n<p>-T\u00edtulo secundario (fotocopia autenticada) o constancia de t\u00edtulo en tr\u00e1mite.<\/p>\n<p>&nbsp;<\/p>\n<p>-Fotocopia de DNI (anverso y reverso).<\/p>\n<p>&nbsp;<\/p>\n<p>-Partida de nacimiento.<\/p>\n<p>&nbsp;<\/p>\n<p>-Ficha de salud completa disponible aqu\u00ed.<\/p>\n<p>&nbsp;<\/p>\n<p>-En caso de adeudar materias del secundario, los\/as interesados\/as podr\u00e1n inscribirse presentando certificado de alumno regular (con detalle de materias adeudadas).<\/p>\n<p>&nbsp;<\/p>\n<p><strong>Paso 3:<\/strong> El comprobante de la preinscripci\u00f3n (impreso) m\u00e1s toda la documentaci\u00f3n (en papel) deber\u00e1 ser presentada de manera presencial en la ventanilla del Departamento de Alumnos desde el 1 al 29 de diciembre (de lunes a viernes, d\u00edas h\u00e1biles) en el horario de 10 a 17.<\/p>\n<p>&nbsp;<\/p>\n<p><span style=\"text-decoration: underline;\"><strong>Curso Introductorio a la Vida Universitaria (CIVU)<\/strong><\/span><\/p>\n<p>&nbsp;<\/p>\n<p>Los\/as aspirantes al ingreso deber\u00e1n realizar el Curso Introducci\u00f3n a la Vida Universitaria. El mismo es obligatorio y tendr\u00e1 una duraci\u00f3n de un mes.<\/p>\n<p>&nbsp;<\/p>\n<p><span style=\"text-decoration: underline;\"><strong>Consultas<\/strong><\/span><\/p>\n<p>&nbsp;<\/p>\n<p>Los\/as interesados\/as podr\u00e1n comunicarse al email inscripcioncarrerafacso@gmail.com o telef\u00f3nicamente con el Departamento de Alumnos (02284) 450115 int. 8041 o por WhatsApp al n\u00famero (02284) 15621525 en el horario de 10 a 17.<\/p>\n<p>&nbsp;<\/p>\n<p>Las consultas para obtener m\u00e1s informaci\u00f3n sobre las carreras deber\u00e1n realizarse por e-mail a futuros.estudiantes@soc.unicen.edu.ar o al celular (02284) 15500331.<\/p>\n","protected":false},"excerpt":{"rendered":"<p>Ser\u00e1 hasta el 29 de diciembre. Los interesados podr\u00e1n preinscribirse para el ingreso 2022 a las seis carreras de grado<\/p>\n","protected":false},"author":2,"featured_media":0,"comment_status":"closed","ping_status":"closed","sticky":false,"template":"","format":"standard","meta":{"_jetpack_memberships_contains_paid_content":false,"footnotes":""},"categories":[5,1],"tags":[],"class_list":["post-35450","post","type-post","status-publish","format-standard","hentry","category-informacion-general","category-portada"],"jetpack_featured_media_url":"","jetpack_sharing_enabled":true,"_links":{"self":[{"href":"https:\/\/cdnoticias.com\/index.php\/wp-json\/wp\/v2\/posts\/35450","targetHints":{"allow":["GET"]}}],"collection":[{"href":"https:\/\/cdnoticias.com\/index.php\/wp-json\/wp\/v2\/posts"}],"about":[{"href":"https:\/\/cdnoticias.com\/index.php\/wp-json\/wp\/v2\/types\/post"}],"author":[{"embeddable":true,"href":"https:\/\/cdnoticias.com\/index.php\/wp-json\/wp\/v2\/users\/2"}],"replies":[{"embeddable":true,"href":"https:\/\/cdnoticias.com\/index.php\/wp-json\/wp\/v2\/comments?post=35450"}],"version-history":[{"count":0,"href":"https:\/\/cdnoticias.com\/index.php\/wp-json\/wp\/v2\/posts\/35450\/revisions"}],"wp:attachment":[{"href":"https:\/\/cdnoticias.com\/index.php\/wp-json\/wp\/v2\/media?parent=35450"}],"wp:term":[{"taxonomy":"category","embeddable":true,"href":"https:\/\/cdnoticias.com\/index.php\/wp-json\/wp\/v2\/categories?post=35450"},{"taxonomy":"post_tag","embeddable":true,"href":"https:\/\/cdnoticias.com\/index.php\/wp-json\/wp\/v2\/tags?post=35450"}],"curies":[{"name":"wp","href":"https:\/\/api.w.org\/{rel}","templated":true}]}}