{"id":35407,"date":"2021-10-13T20:51:01","date_gmt":"2021-10-13T23:51:01","guid":{"rendered":"http:\/\/www.centraldenoticias.com.ar\/?p=35407"},"modified":"2021-10-13T20:51:01","modified_gmt":"2021-10-13T23:51:01","slug":"juan-oscar-lopez-tito-q-e-p-d","status":"publish","type":"post","link":"https:\/\/cdnoticias.com\/index.php\/2021\/10\/13\/juan-oscar-lopez-tito-q-e-p-d\/","title":{"rendered":"Juan Oscar L\u00f3pez &#8220;Tito&#8221; (Q.E.P.D.)"},"content":{"rendered":"<p>Falleci\u00f3 en Olavarr\u00eda el d\u00eda 13 de Octubre de 2021 a los 71 a\u00f1os de edad.<\/p>\n<p>&nbsp;<\/p>\n<p>Su compa\u00f1era Maria Ang\u00e9lica Boado, sus hijos en el afecto Andrea, Martin, Gustavo, M\u00f3nica, Rosana, su nieto en el afecto Alejandro Lobo, sus hermanos, sus hermanos pol\u00edticos, sus sobrinos y dem\u00e1s deudos participan su fallecimiento.<\/p>\n<p>&nbsp;<\/p>\n<p>Sus restos ser\u00e1n velados este jueves desde las 14 en la sala de Espa\u00f1a 2942, departamento &#8220;D&#8221;, y ser\u00e1n inhumados desde las 15:30 cementerio Loma de Paz. Servicio adherido a Coopelectric.<\/p>\n<p>&nbsp;<\/p>\n<p>Barrio en el que viv\u00eda: Vecino de Barrio La Rural.<\/p>\n<p>&nbsp;<\/p>\n<p>Lugar de nacimiento: Nacido en General La Madrid.<\/p>\n<p>&nbsp;<\/p>\n<p>Actividad que desarrollaba: Jubilado Transportista<\/p>\n","protected":false},"excerpt":{"rendered":"<p>Falleci\u00f3 en Olavarr\u00eda el d\u00eda 13 de Octubre de 2021 a los 71 a\u00f1os de edad. &nbsp; Su compa\u00f1era Maria<\/p>\n","protected":false},"author":3,"featured_media":0,"comment_status":"closed","ping_status":"closed","sticky":false,"template":"","format":"standard","meta":{"_jetpack_memberships_contains_paid_content":false,"footnotes":""},"categories":[10],"tags":[],"class_list":["post-35407","post","type-post","status-publish","format-standard","hentry","category-necrologicas"],"jetpack_featured_media_url":"","jetpack_sharing_enabled":true,"_links":{"self":[{"href":"https:\/\/cdnoticias.com\/index.php\/wp-json\/wp\/v2\/posts\/35407","targetHints":{"allow":["GET"]}}],"collection":[{"href":"https:\/\/cdnoticias.com\/index.php\/wp-json\/wp\/v2\/posts"}],"about":[{"href":"https:\/\/cdnoticias.com\/index.php\/wp-json\/wp\/v2\/types\/post"}],"author":[{"embeddable":true,"href":"https:\/\/cdnoticias.com\/index.php\/wp-json\/wp\/v2\/users\/3"}],"replies":[{"embeddable":true,"href":"https:\/\/cdnoticias.com\/index.php\/wp-json\/wp\/v2\/comments?post=35407"}],"version-history":[{"count":0,"href":"https:\/\/cdnoticias.com\/index.php\/wp-json\/wp\/v2\/posts\/35407\/revisions"}],"wp:attachment":[{"href":"https:\/\/cdnoticias.com\/index.php\/wp-json\/wp\/v2\/media?parent=35407"}],"wp:term":[{"taxonomy":"category","embeddable":true,"href":"https:\/\/cdnoticias.com\/index.php\/wp-json\/wp\/v2\/categories?post=35407"},{"taxonomy":"post_tag","embeddable":true,"href":"https:\/\/cdnoticias.com\/index.php\/wp-json\/wp\/v2\/tags?post=35407"}],"curies":[{"name":"wp","href":"https:\/\/api.w.org\/{rel}","templated":true}]}}