{"id":35404,"date":"2021-10-13T21:11:07","date_gmt":"2021-10-14T00:11:07","guid":{"rendered":"http:\/\/www.centraldenoticias.com.ar\/?p=35404"},"modified":"2021-10-14T08:13:29","modified_gmt":"2021-10-14T11:13:29","slug":"alerta-meteorologico-por-vientos-para-la-tarde-de-este-jueves","status":"publish","type":"post","link":"https:\/\/cdnoticias.com\/index.php\/2021\/10\/13\/alerta-meteorologico-por-vientos-para-la-tarde-de-este-jueves\/","title":{"rendered":"Alerta meteorol\u00f3gico por vientos para la tarde de este jueves"},"content":{"rendered":"<p>Se esperan r\u00e1fagas que podr\u00edan ser de hasta 70 km\/h. El pron\u00f3stico tambi\u00e9n anticipa lluvias desde la ma\u00f1ana.<!--more--><\/p>\n<hr \/>\n<p>Las condiciones clim\u00e1ticas han sido noticias en las \u00faltimas horas, ya que fueron las responsables de la<a href=\"https:\/\/cdnoticias.com\/index.php\/2021\/10\/13\/se-suspendio-la-llegada-del-gobernador-axel-kicilof\/\" target=\"_blank\" rel=\"noopener\"> postergaci\u00f3n del arribo del gobernado Axel Kicillof y su ministro de Seguridad, Sergio Berni<\/a>. Sin embargo, <strong>el pronostico para este jueves no se presenta alentador, m\u00e1s bien todo lo contrario.<\/strong><\/p>\n<p>&nbsp;<\/p>\n<p>Tal es as\u00ed que desde el Servicio Meteorol\u00f3gico Nacional se advirti\u00f3 de un <strong>alerta \u201camarillo\u201d por vientos para la tarde. \u201cEl \u00e1rea ser\u00e1 afectada por vientos del sector sur con velocidades entre 35 y 55 km\/h, con r\u00e1fagas que pueden superar los 70 km\/h\u201d, se precis\u00f3.<\/strong><\/p>\n<p>&nbsp;<\/p>\n<blockquote><p>Este mi\u00e9rcoles la temperatura m\u00e1xima fue de 20.3\u00b0 a las 17:10, mientras que la m\u00ednima fue de 12.7\u00b0 a las 4:30.<\/p><\/blockquote>\n<p>&nbsp;<\/p>\n<p>A la par, <strong>se espera que las condiciones sean desfavorables durante toda la jornada<\/strong>. Ya para la madrugada se prev\u00e9n bancos de niebla, mientras que se anticipan tormentas tanto para la ma\u00f1ana como para la tarde.<\/p>\n<p>&nbsp;<\/p>\n<p>No obstante ello, la temperatura m\u00e1xima fue estimada en 20 grados. Por \u00faltimo, vale dar cuenta que, si bien el alerta es para la tarde, <strong>los fuertes vientos comenzar\u00e1n a darse desde la ma\u00f1ana y se prolongar\u00edan hasta la noche inclusive.<\/strong><\/p>\n","protected":false},"excerpt":{"rendered":"<p>Se esperan r\u00e1fagas que podr\u00edan ser de hasta 70 km\/h. El pron\u00f3stico tambi\u00e9n anticipa lluvias desde la ma\u00f1ana.<\/p>\n","protected":false},"author":3,"featured_media":35405,"comment_status":"closed","ping_status":"closed","sticky":false,"template":"","format":"standard","meta":{"_jetpack_memberships_contains_paid_content":false,"footnotes":""},"categories":[5,1],"tags":[],"class_list":["post-35404","post","type-post","status-publish","format-standard","has-post-thumbnail","hentry","category-informacion-general","category-portada"],"jetpack_featured_media_url":"https:\/\/i0.wp.com\/cdnoticias.com\/wp-content\/uploads\/2021\/10\/alerta-2.jpg?fit=800%2C445&ssl=1","jetpack_sharing_enabled":true,"_links":{"self":[{"href":"https:\/\/cdnoticias.com\/index.php\/wp-json\/wp\/v2\/posts\/35404","targetHints":{"allow":["GET"]}}],"collection":[{"href":"https:\/\/cdnoticias.com\/index.php\/wp-json\/wp\/v2\/posts"}],"about":[{"href":"https:\/\/cdnoticias.com\/index.php\/wp-json\/wp\/v2\/types\/post"}],"author":[{"embeddable":true,"href":"https:\/\/cdnoticias.com\/index.php\/wp-json\/wp\/v2\/users\/3"}],"replies":[{"embeddable":true,"href":"https:\/\/cdnoticias.com\/index.php\/wp-json\/wp\/v2\/comments?post=35404"}],"version-history":[{"count":0,"href":"https:\/\/cdnoticias.com\/index.php\/wp-json\/wp\/v2\/posts\/35404\/revisions"}],"wp:featuredmedia":[{"embeddable":true,"href":"https:\/\/cdnoticias.com\/index.php\/wp-json\/wp\/v2\/media\/35405"}],"wp:attachment":[{"href":"https:\/\/cdnoticias.com\/index.php\/wp-json\/wp\/v2\/media?parent=35404"}],"wp:term":[{"taxonomy":"category","embeddable":true,"href":"https:\/\/cdnoticias.com\/index.php\/wp-json\/wp\/v2\/categories?post=35404"},{"taxonomy":"post_tag","embeddable":true,"href":"https:\/\/cdnoticias.com\/index.php\/wp-json\/wp\/v2\/tags?post=35404"}],"curies":[{"name":"wp","href":"https:\/\/api.w.org\/{rel}","templated":true}]}}