{"id":35400,"date":"2021-10-13T20:43:51","date_gmt":"2021-10-13T23:43:51","guid":{"rendered":"http:\/\/www.centraldenoticias.com.ar\/?p=35400"},"modified":"2021-10-13T20:43:51","modified_gmt":"2021-10-13T23:43:51","slug":"animate-no-tienen-en-cuenta-la-voz-de-la-victima","status":"publish","type":"post","link":"https:\/\/cdnoticias.com\/index.php\/2021\/10\/13\/animate-no-tienen-en-cuenta-la-voz-de-la-victima\/","title":{"rendered":"Animate: &#8220;No tienen en cuenta la voz de la v\u00edctima\u201d"},"content":{"rendered":"<p>Desde la agrupaci\u00f3n local se cuestion\u00f3 la culminaci\u00f3n de una causa por abuso sexual mediante un juicio abreviado.<!--more--><\/p>\n<hr \/>\n<p>En el cierre de la tarde de este mi\u00e9rcoles referentes de Animate, la agrupaci\u00f3n local que brinda acompa\u00f1amiento a v\u00edctimas de abusos sexuales, llev\u00f3 adelante una conferencia de prensa en la que <strong>se plasm\u00f3 la disconformidad con el Poder Judicial, m\u00e1s precisamente con la fiscal\u00eda 4, por acordar un juicio abreviado sin el consentimiento de la v\u00edctima<\/strong>. Adem\u00e1s de integrantes de la entidad, pudieron verse a sobrevivientes y familiares.<\/p>\n<p>&nbsp;<\/p>\n<p>De acuerdo con lo que se expuso, recientemente un hombre de nuestra ciudad fue condenado a la pena de 11 a\u00f1os por un delito por el cual se encuentra detenido desde hace ya 4 a\u00f1os. <strong>\u201cLo que reclamamos es que habl\u00f3 con la v\u00edctima, la v\u00edctima le pidi\u00f3 un juicio. Ten\u00e9s una v\u00edctima que te est\u00e1 pidiendo un juicio, por qu\u00e9 deso\u00edrla y firmar un acuerdo por muchos menos a\u00f1os\u201d, cuestion\u00f3 Natasha Targiano, la abogada de la entidad local.<\/strong><\/p>\n<p>&nbsp;<\/p>\n<p><img data-recalc-dims=\"1\" loading=\"lazy\" decoding=\"async\" class=\"alignnone size-full wp-image-35401\" src=\"https:\/\/i0.wp.com\/cdnoticias.com\/wp-content\/uploads\/2021\/10\/Animate01.jpg?resize=800%2C445&#038;ssl=1\" alt=\"\" width=\"800\" height=\"445\" srcset=\"https:\/\/i0.wp.com\/cdnoticias.com\/wp-content\/uploads\/2021\/10\/Animate01.jpg?w=800&amp;ssl=1 800w, https:\/\/i0.wp.com\/cdnoticias.com\/wp-content\/uploads\/2021\/10\/Animate01.jpg?resize=300%2C167&amp;ssl=1 300w, https:\/\/i0.wp.com\/cdnoticias.com\/wp-content\/uploads\/2021\/10\/Animate01.jpg?resize=768%2C427&amp;ssl=1 768w\" sizes=\"auto, (max-width: 800px) 100vw, 800px\" \/><\/p>\n<p>&nbsp;<\/p>\n<p>En esa sinton\u00eda tambi\u00e9n se proclam\u00f3 Georgina Randazzo, otra de las referentes de la agrupaci\u00f3n y sobreviviente de un hecho de estas caracter\u00edsticas. \u201c<strong>La chica necesitaba el juicio para poder hablar, poder expresar todo el da\u00f1o que le ha hecho. No importa la cantidad de a\u00f1os de pena, era el momento para hablar y sacar ese dolor. \u00bfY qui\u00e9n se lo niega? La fiscal que la representaba. El foco es ah\u00ed, la volvieron a callar\u201d<\/strong>, enfatiz\u00f3.<\/p>\n<p>&nbsp;<\/p>\n<p>\u201cLa car\u00e1tula es \u00b4abuso sexual con acceso carnal gravemente ultrajante doblemente agravado\u00b4,<strong> el C\u00f3digo para este tipo de delito contempla una pena de 8 a 20 a\u00f1os, con los agravantes que tiene puede llegar a los 15 o m\u00e1s. Lo firm\u00f3 por 11. Si le descontamos lo que ya lleva detenido, nos vamos a 7. Si contamos los beneficios, la condicional, las salidas transitorias\u2026 en tres a\u00f1os o cuatro como mucho est\u00e1 libre<\/strong>\u201d, agreg\u00f3 Targiano.<\/p>\n<p>&nbsp;<\/p>\n<p>En la ocasi\u00f3n tambi\u00e9n se expusieron otros casos locales, todos con varios a\u00f1os de data y de espera de resoluci\u00f3n. Sobre uno de ellos ahond\u00f3 Liliana Cuenca, la principal referente de Animate: \u201ccon el tema de la pandemia el juicio se suspendi\u00f3 dos veces. Va a ser ahora en diciembre. <strong>Este hombre ya tiene 70 a\u00f1os, no sabemos si a un abreviado. No tienen en cuenta la voz de la v\u00edctima. No va a ir a un penal por la edad que tiene, va a estar en su casa con todas las comodidades. Esto no es justicia, es injusticia<\/strong>\u201d, finaliz\u00f3.<\/p>\n","protected":false},"excerpt":{"rendered":"<p>Desde la agrupaci\u00f3n local se cuestion\u00f3 la culminaci\u00f3n de una causa por abuso sexual mediante un juicio abreviado.<\/p>\n","protected":false},"author":3,"featured_media":35402,"comment_status":"closed","ping_status":"closed","sticky":false,"template":"","format":"standard","meta":{"_jetpack_memberships_contains_paid_content":false,"footnotes":""},"categories":[5,1],"tags":[],"class_list":["post-35400","post","type-post","status-publish","format-standard","has-post-thumbnail","hentry","category-informacion-general","category-portada"],"jetpack_featured_media_url":"https:\/\/i0.wp.com\/cdnoticias.com\/wp-content\/uploads\/2021\/10\/Animate.jpg?fit=800%2C445&ssl=1","jetpack_sharing_enabled":true,"_links":{"self":[{"href":"https:\/\/cdnoticias.com\/index.php\/wp-json\/wp\/v2\/posts\/35400","targetHints":{"allow":["GET"]}}],"collection":[{"href":"https:\/\/cdnoticias.com\/index.php\/wp-json\/wp\/v2\/posts"}],"about":[{"href":"https:\/\/cdnoticias.com\/index.php\/wp-json\/wp\/v2\/types\/post"}],"author":[{"embeddable":true,"href":"https:\/\/cdnoticias.com\/index.php\/wp-json\/wp\/v2\/users\/3"}],"replies":[{"embeddable":true,"href":"https:\/\/cdnoticias.com\/index.php\/wp-json\/wp\/v2\/comments?post=35400"}],"version-history":[{"count":0,"href":"https:\/\/cdnoticias.com\/index.php\/wp-json\/wp\/v2\/posts\/35400\/revisions"}],"wp:featuredmedia":[{"embeddable":true,"href":"https:\/\/cdnoticias.com\/index.php\/wp-json\/wp\/v2\/media\/35402"}],"wp:attachment":[{"href":"https:\/\/cdnoticias.com\/index.php\/wp-json\/wp\/v2\/media?parent=35400"}],"wp:term":[{"taxonomy":"category","embeddable":true,"href":"https:\/\/cdnoticias.com\/index.php\/wp-json\/wp\/v2\/categories?post=35400"},{"taxonomy":"post_tag","embeddable":true,"href":"https:\/\/cdnoticias.com\/index.php\/wp-json\/wp\/v2\/tags?post=35400"}],"curies":[{"name":"wp","href":"https:\/\/api.w.org\/{rel}","templated":true}]}}