{"id":35395,"date":"2021-10-13T20:16:19","date_gmt":"2021-10-13T23:16:19","guid":{"rendered":"http:\/\/www.centraldenoticias.com.ar\/?p=35395"},"modified":"2021-10-13T20:16:19","modified_gmt":"2021-10-13T23:16:19","slug":"transporte-interurbano-presentaron-el-nuevo-proyecto-de-ordenanza","status":"publish","type":"post","link":"https:\/\/cdnoticias.com\/index.php\/2021\/10\/13\/transporte-interurbano-presentaron-el-nuevo-proyecto-de-ordenanza\/","title":{"rendered":"Transporte interurbano: presentaron el nuevo proyecto de ordenanza"},"content":{"rendered":"<p>La Comisi\u00f3n de Transporte P\u00fabico Interurbano present\u00f3 el pliego de bases y condiciones y los nuevos recorridos. La concesi\u00f3n del servicio vence el 1 de mayo de 2022.<!--more--><\/p>\n<hr \/>\n<p>Con la participaci\u00f3n del intendente municipal Ezequiel Galli, en la tarde de este mi\u00e9rcoles se reuni\u00f3 la<strong> Comisi\u00f3n de Transporte Interurbano<\/strong>, conformada por concejales de distintos bloques pol\u00edticos y funcionarios municipales.<\/p>\n<p>&nbsp;<\/p>\n<p>Participaron adem\u00e1s, el secretario de Gobierno Hilario Galli, el subsecretario de Gobierno Emilio Vitale, el director administrativo Enzo Russo y los concejales Mar\u00eda Jos\u00e9 Gonz\u00e1lez, Nicol\u00e1s Marinangeli, Ubaldo Garc\u00eda y Juan S\u00e1nchez.<\/p>\n<p>&nbsp;<\/p>\n<p>En la oportunidad, la Comisi\u00f3n present\u00f3 el <strong>proyecto de ordenanza para la licitaci\u00f3n de transporte p\u00fablico interurbano<\/strong> que ser\u00e1 remitido al Honorable Concejo Deliberante de Olavarr\u00eda para su posterior tratamiento. El mencionado proyecto es acompa\u00f1ado por el pliego de bases y condiciones y los nuevos recorridos.<\/p>\n<p>&nbsp;<\/p>\n<p><img data-recalc-dims=\"1\" loading=\"lazy\" decoding=\"async\" class=\"alignnone size-full wp-image-35397\" src=\"https:\/\/i0.wp.com\/cdnoticias.com\/wp-content\/uploads\/2021\/10\/transporte1.jpg?resize=800%2C462&#038;ssl=1\" alt=\"\" width=\"800\" height=\"462\" srcset=\"https:\/\/i0.wp.com\/cdnoticias.com\/wp-content\/uploads\/2021\/10\/transporte1.jpg?w=1024&amp;ssl=1 1024w, https:\/\/i0.wp.com\/cdnoticias.com\/wp-content\/uploads\/2021\/10\/transporte1.jpg?resize=300%2C173&amp;ssl=1 300w, https:\/\/i0.wp.com\/cdnoticias.com\/wp-content\/uploads\/2021\/10\/transporte1.jpg?resize=768%2C443&amp;ssl=1 768w\" sizes=\"auto, (max-width: 800px) 100vw, 800px\" \/><\/p>\n<p>&nbsp;<\/p>\n<p>Con respecto a los nuevos recorridos, el subsecretario de Gobierno Emilio Vitale indic\u00f3: <em>\u201cse realizaron <strong>modificaciones en los recorridos de dos l\u00edneas<\/strong> que surgieron de las reuniones que mantuvimos con los vecinos de las distintas localidades y con los choferes\u201d.<\/em><\/p>\n<p>&nbsp;<\/p>\n<p>Asimismo, Vitale explic\u00f3: <strong><em>\u201cen el pliego tambi\u00e9n qued\u00f3 oficializada la continuidad de la actual planta laboral que hoy presta servicio en la empresa OlaBus\u201d.<\/em><\/strong><\/p>\n<p>&nbsp;<\/p>\n<p>Por \u00faltimo, se record\u00f3 que la actual concesi\u00f3n del transporte interurbano <strong>vence el pr\u00f3ximo 1 de mayo de 2022.<\/strong><\/p>\n","protected":false},"excerpt":{"rendered":"<p>La Comisi\u00f3n de Transporte P\u00fabico Interurbano present\u00f3 el pliego de bases y condiciones y los nuevos recorridos. La concesi\u00f3n del<\/p>\n","protected":false},"author":5,"featured_media":35396,"comment_status":"closed","ping_status":"closed","sticky":false,"template":"","format":"standard","meta":{"_jetpack_memberships_contains_paid_content":false,"footnotes":""},"categories":[5,1],"tags":[],"class_list":["post-35395","post","type-post","status-publish","format-standard","has-post-thumbnail","hentry","category-informacion-general","category-portada"],"jetpack_featured_media_url":"https:\/\/i0.wp.com\/cdnoticias.com\/wp-content\/uploads\/2021\/10\/transporte.jpg?fit=1500%2C900&ssl=1","jetpack_sharing_enabled":true,"_links":{"self":[{"href":"https:\/\/cdnoticias.com\/index.php\/wp-json\/wp\/v2\/posts\/35395","targetHints":{"allow":["GET"]}}],"collection":[{"href":"https:\/\/cdnoticias.com\/index.php\/wp-json\/wp\/v2\/posts"}],"about":[{"href":"https:\/\/cdnoticias.com\/index.php\/wp-json\/wp\/v2\/types\/post"}],"author":[{"embeddable":true,"href":"https:\/\/cdnoticias.com\/index.php\/wp-json\/wp\/v2\/users\/5"}],"replies":[{"embeddable":true,"href":"https:\/\/cdnoticias.com\/index.php\/wp-json\/wp\/v2\/comments?post=35395"}],"version-history":[{"count":0,"href":"https:\/\/cdnoticias.com\/index.php\/wp-json\/wp\/v2\/posts\/35395\/revisions"}],"wp:featuredmedia":[{"embeddable":true,"href":"https:\/\/cdnoticias.com\/index.php\/wp-json\/wp\/v2\/media\/35396"}],"wp:attachment":[{"href":"https:\/\/cdnoticias.com\/index.php\/wp-json\/wp\/v2\/media?parent=35395"}],"wp:term":[{"taxonomy":"category","embeddable":true,"href":"https:\/\/cdnoticias.com\/index.php\/wp-json\/wp\/v2\/categories?post=35395"},{"taxonomy":"post_tag","embeddable":true,"href":"https:\/\/cdnoticias.com\/index.php\/wp-json\/wp\/v2\/tags?post=35395"}],"curies":[{"name":"wp","href":"https:\/\/api.w.org\/{rel}","templated":true}]}}