{"id":3538,"date":"2020-10-09T16:55:59","date_gmt":"2020-10-09T19:55:59","guid":{"rendered":"http:\/\/www.centraldenoticias.com.ar\/?p=3538"},"modified":"2020-10-09T19:43:30","modified_gmt":"2020-10-09T22:43:30","slug":"reclamo-de-viviendas-grave-denuncia-publica-contra-una-empleada-de-desarrollo-social","status":"publish","type":"post","link":"https:\/\/cdnoticias.com\/index.php\/2020\/10\/09\/reclamo-de-viviendas-grave-denuncia-publica-contra-una-empleada-de-desarrollo-social\/","title":{"rendered":"Reclamo de Viviendas: Grave denuncia p\u00fablica contra una empleada de Desarrollo Social"},"content":{"rendered":"<p>&nbsp;<\/p>\n<p>El hecho fue descripto el jueves durante el cuarto intermedio de la sesi\u00f3n del Concejo Deliberante. Este viernes distintas organizaciones sociales emitieron un comunicado repudiado el accionar de una persona que trabaja en el \u00e1rea social del municipio.<!--more--><\/p>\n<hr \/>\n<p>La sesi\u00f3n del Concejo Deliberante realizada el d\u00eda jueves dej\u00f3 varios aspectos para analizar. Uno de ellos vinculado a <strong>la respuesta que habr\u00eda recibido un grupo de mujeres ante el pedido de ayuda para mejorar la situaci\u00f3n en la que viven.<\/strong><\/p>\n<p>&nbsp;<\/p>\n<p><strong>El hecho fue registrado por Central de Noticias ante la denuncia p\u00fablica de integrantes de la Mesa de Emergencia durante un cuarto intermedio.<\/strong> Vale aclarar que esa parte de la sesi\u00f3n no fue transmitida online debido a que seg\u00fan indicaron desde presidencia del HCD, no queda en la versi\u00f3n taquigr\u00e1fica y por lo tanto no forma parte del acto oficial de la sesi\u00f3n.<\/p>\n<p>&nbsp;<\/p>\n<div class=\"jetpack-video-wrapper\"><iframe loading=\"lazy\" width=\"800\" height=\"450\" src=\"https:\/\/www.youtube.com\/embed\/f_DF8utwt-k?feature=oembed\" frameborder=\"0\" allow=\"accelerometer; autoplay; clipboard-write; encrypted-media; gyroscope; picture-in-picture\" allowfullscreen><\/iframe><\/div>\n<p>&nbsp;<\/p>\n<p><em>\u201cMe marc\u00f3 mucho el haber pasado tambi\u00e9n violencia de g\u00e9nero por muchos a\u00f1os. <strong>Y que la respuesta es que la \u00fanica forma de conseguir un subsidio es que tendr\u00eda que estar golpeada en este momento, es terrible<\/strong>\u201d<\/em>, cont\u00f3 Lorena Merlo, integrante de la Mesa de Emergencia.<\/p>\n<p>&nbsp;<\/p>\n<p>Merlo hizo referencia a la<strong> situaci\u00f3n que contaron dos mujeres que fueron a la sede de Desarrollo Social con el objetivo de obtener alg\u00fan tipo de ayuda respecto a la situaci\u00f3n habitacional que atraviesan.<\/strong><\/p>\n<p>&nbsp;<\/p>\n<p><em>\u201cEstas mam\u00e1s que est\u00e1n afuera sufrieron lo mismo, sufrieron violencia de g\u00e9nero. Y volver a recordar eso, volver a repetir toda esa situaci\u00f3n, que una persona, que es una profesional, le d\u00e9 esa respuesta, la verdad que es trist\u00edsimo\u201d<\/em>, agreg\u00f3 y pidi\u00f3 <em>\u201chumanidad\u201d<\/em> a las personas que trabajan en el \u00e1rea.<\/p>\n<p>&nbsp;<\/p>\n<p><img data-recalc-dims=\"1\" loading=\"lazy\" decoding=\"async\" class=\"alignnone size-large wp-image-3397\" src=\"https:\/\/i0.wp.com\/cdnoticias.com\/wp-content\/uploads\/2020\/10\/vigiliamesa01.jpg?resize=800%2C600&#038;ssl=1\" alt=\"\" width=\"800\" height=\"600\" srcset=\"https:\/\/i0.wp.com\/cdnoticias.com\/wp-content\/uploads\/2020\/10\/vigiliamesa01.jpg?resize=1024%2C768&amp;ssl=1 1024w, https:\/\/i0.wp.com\/cdnoticias.com\/wp-content\/uploads\/2020\/10\/vigiliamesa01.jpg?resize=300%2C225&amp;ssl=1 300w, https:\/\/i0.wp.com\/cdnoticias.com\/wp-content\/uploads\/2020\/10\/vigiliamesa01.jpg?resize=768%2C576&amp;ssl=1 768w, https:\/\/i0.wp.com\/cdnoticias.com\/wp-content\/uploads\/2020\/10\/vigiliamesa01.jpg?w=1152&amp;ssl=1 1152w\" sizes=\"auto, (max-width: 800px) 100vw, 800px\" \/><\/p>\n<p>&nbsp;<\/p>\n<p>El d\u00eda anterior, durante la vigilia cultural, celebrada en el acampe frente a la Municipalidad, el referente <strong>Mart\u00edn Rold\u00e1n, habl\u00f3 tambi\u00e9n con Central de Noticias<\/strong> y se\u00f1al\u00f3 que <em>\u201choy (por el mi\u00e9rcoles) se acercaron dos chicas que ven\u00edan de Acci\u00f3n social, pidiendo por d\u00e9cima vez que le den una soluci\u00f3n. Una con subsidio de alquiler, la otra chica con pedido de terreno y la respuesta a ellas fue la misma que venimos que les dan a otras chicas: \u2018en el \u00fanico lugar que te pueden llegar a dar un subsidio de alquiler es la Direcci\u00f3n de Pol\u00edticas de G\u00e9nero\u2019. Las chicas le dicen que no est\u00e1n atravesando por una violencia y la secretaria le responde: <strong>\u2018entonces vayan a hacerse pegar con alguien y vayan ah\u00ed\u2019<\/strong>. Ese tipo de respuesta es sistem\u00e1tica\u201d<\/em>.<\/p>\n<p>&nbsp;<\/p>\n<p>Este viernes, <strong>distintas organizaciones sociales publicaron un comunicado<\/strong> repudiando la situaci\u00f3n anteriormente descripta.<\/p>\n<p>&nbsp;<\/p>\n<p><iframe loading=\"lazy\" style=\"border: none; overflow: hidden;\" src=\"https:\/\/www.facebook.com\/plugins\/post.php?href=https%3A%2F%2Fwww.facebook.com%2Fcasapopularvaleria%2Fposts%2F2701785200080087&amp;width=500\" width=\"500\" height=\"273\" frameborder=\"0\" scrolling=\"no\"><\/iframe><\/p>\n<p>&nbsp;<\/p>\n<p><em>\u201cNos parece inadmisible que una funcionaria pretenda que una mujer se tenga que exponer a sufrir violencia f\u00edsica para poder ser asistida por el Estado, municipal en este caso. Debemos recordarle a esta persona que las mujeres que han pedido subsidios o alg\u00fan tipo de ayuda estatal para poder tratar de salir de situaciones de violencia de genero durante este a\u00f1o a\u00fan est\u00e1n en espera de una respuesta favorable\u201d<\/em>, afirmaron.<\/p>\n<p>&nbsp;<\/p>\n<p><img data-recalc-dims=\"1\" loading=\"lazy\" decoding=\"async\" class=\"alignnone size-large wp-image-2871\" src=\"https:\/\/i0.wp.com\/cdnoticias.com\/wp-content\/uploads\/2020\/09\/carpamesadeemergencia01.jpg?resize=800%2C529&#038;ssl=1\" alt=\"\" width=\"800\" height=\"529\" srcset=\"https:\/\/i0.wp.com\/cdnoticias.com\/wp-content\/uploads\/2020\/09\/carpamesadeemergencia01.jpg?resize=1024%2C677&amp;ssl=1 1024w, https:\/\/i0.wp.com\/cdnoticias.com\/wp-content\/uploads\/2020\/09\/carpamesadeemergencia01.jpg?resize=300%2C198&amp;ssl=1 300w, https:\/\/i0.wp.com\/cdnoticias.com\/wp-content\/uploads\/2020\/09\/carpamesadeemergencia01.jpg?resize=768%2C508&amp;ssl=1 768w, https:\/\/i0.wp.com\/cdnoticias.com\/wp-content\/uploads\/2020\/09\/carpamesadeemergencia01.jpg?w=1152&amp;ssl=1 1152w\" sizes=\"auto, (max-width: 800px) 100vw, 800px\" \/><\/p>\n<p>&nbsp;<\/p>\n<p><em>\u201cDenunciamos que el gobierno municipal no s\u00f3lo no da ninguna respuesta al grave problema habitacional por el que se manifiestan estas familias, sino que <strong>con estas respuestas revictimiza a las compa\u00f1eras que est\u00e1n poniendo el cuerpo en el acampe ya que no tienen otra alternativa&#8221;.<\/strong><\/em><\/p>\n<p>&nbsp;<\/p>\n<p><em>\u201cNos solidarizamos con las compa\u00f1eras. \u00a1Exigimos al gobierno municipal que termine con el hostigamiento y la violencia institucional a las familias que luchan! \u00a1Por una inmediata soluci\u00f3n a las demandas del acampe! \u00a1Por tierra y vivienda para les trabajadores olavarrienses!\u201d<\/em>, concluye el escrito que lleva las firmas de <strong>Cara de bicicleta, Plenario de Trabajadoras Olavarr\u00eda, Feministas Libertarias, Frente Ni Una Menos, Comunidad Mapuche Urbana Pillan Manke, Socorristas Olavarr\u00eda y Casa Popular Valeria.<\/strong><\/p>\n<p>&nbsp;<\/p>\n","protected":false},"excerpt":{"rendered":"<p>&nbsp; El hecho fue descripto el jueves durante el cuarto intermedio de la sesi\u00f3n del Concejo Deliberante. Este viernes distintas<\/p>\n","protected":false},"author":5,"featured_media":3541,"comment_status":"closed","ping_status":"closed","sticky":false,"template":"","format":"standard","meta":{"_jetpack_memberships_contains_paid_content":false,"footnotes":""},"categories":[3,1],"tags":[],"class_list":["post-3538","post","type-post","status-publish","format-standard","has-post-thumbnail","hentry","category-genero","category-portada"],"jetpack_featured_media_url":"https:\/\/i0.wp.com\/cdnoticias.com\/wp-content\/uploads\/2020\/10\/WhatsApp-Image-2020-10-09-at-16.48.25.jpeg?fit=930%2C595&ssl=1","jetpack_sharing_enabled":true,"_links":{"self":[{"href":"https:\/\/cdnoticias.com\/index.php\/wp-json\/wp\/v2\/posts\/3538","targetHints":{"allow":["GET"]}}],"collection":[{"href":"https:\/\/cdnoticias.com\/index.php\/wp-json\/wp\/v2\/posts"}],"about":[{"href":"https:\/\/cdnoticias.com\/index.php\/wp-json\/wp\/v2\/types\/post"}],"author":[{"embeddable":true,"href":"https:\/\/cdnoticias.com\/index.php\/wp-json\/wp\/v2\/users\/5"}],"replies":[{"embeddable":true,"href":"https:\/\/cdnoticias.com\/index.php\/wp-json\/wp\/v2\/comments?post=3538"}],"version-history":[{"count":0,"href":"https:\/\/cdnoticias.com\/index.php\/wp-json\/wp\/v2\/posts\/3538\/revisions"}],"wp:featuredmedia":[{"embeddable":true,"href":"https:\/\/cdnoticias.com\/index.php\/wp-json\/wp\/v2\/media\/3541"}],"wp:attachment":[{"href":"https:\/\/cdnoticias.com\/index.php\/wp-json\/wp\/v2\/media?parent=3538"}],"wp:term":[{"taxonomy":"category","embeddable":true,"href":"https:\/\/cdnoticias.com\/index.php\/wp-json\/wp\/v2\/categories?post=3538"},{"taxonomy":"post_tag","embeddable":true,"href":"https:\/\/cdnoticias.com\/index.php\/wp-json\/wp\/v2\/tags?post=3538"}],"curies":[{"name":"wp","href":"https:\/\/api.w.org\/{rel}","templated":true}]}}