{"id":35357,"date":"2021-10-13T17:38:31","date_gmt":"2021-10-13T20:38:31","guid":{"rendered":"http:\/\/www.centraldenoticias.com.ar\/?p=35357"},"modified":"2021-10-13T17:39:04","modified_gmt":"2021-10-13T20:39:04","slug":"convocatoria-de-entidades-y-artistas-para-el-aplauso-al-asador","status":"publish","type":"post","link":"https:\/\/cdnoticias.com\/index.php\/2021\/10\/13\/convocatoria-de-entidades-y-artistas-para-el-aplauso-al-asador\/","title":{"rendered":"Convocatoria de entidades y artistas para el &#8220;Aplauso al Asador&#8221;"},"content":{"rendered":"<p>La inscripci\u00f3n se realizar\u00e1 hasta el martes 19 de octubre en la Casa de la Cultura de 8:00 a 12:00<!--more--><\/p>\n<hr \/>\n<p>&nbsp;<\/p>\n<p>D\u00edas atr\u00e1s, el intendente <strong>Ezequiel Galli<\/strong> anunci\u00f3 la realizaci\u00f3n de la <strong>26\u00aa edici\u00f3n de \u201cUn Aplauso al Asador\u201d<\/strong>: una gran <strong>fiesta popular<\/strong> que re\u00fane a cientos de olavarrienses con nuestras<strong> tradiciones.<\/strong><\/p>\n<p>&nbsp;<\/p>\n<p>Como es habitual, de la fiesta <strong>podr\u00e1n participar entidades de bien p\u00fablico y tambi\u00e9n contar\u00e1 con un escenario dedicado al folklore.<\/strong> La<strong> inscripci\u00f3n<\/strong> de quienes deseen participar se realizar\u00e1,<strong> hasta el martes 19 de octubre<\/strong> -de manera presencial- en la <strong>Casa de la Cultura<\/strong> (Coronel Su\u00e1rez 2924), en el horario de <strong>8:00 a 12:00.<\/strong><\/p>\n<p>&nbsp;<\/p>\n<p>Podr\u00e1n hacerlo aquellas <strong>entidades de bien p\u00fablico que est\u00e9n debidamente acreditadas<\/strong>, como clubes de madres, asociaciones cooperadoras, sociedades de fomento, juntas vecinales, agrupaciones tradicionalistas, entre otras.<\/p>\n<p>&nbsp;<\/p>\n<p>Los<strong> artistas que deseen participar tendr\u00e1n que responder al g\u00e9nero folkl\u00f3rico.<\/strong> Luego del pr\u00f3ximo martes, \u00faltimo d\u00eda de inscripci\u00f3n, se <strong>realizar\u00e1 un sorteo<\/strong> con todos los inscriptos y de ah\u00ed quedar\u00e1 conformada la <strong>grilla de espect\u00e1culos.<\/strong><\/p>\n<p>&nbsp;<\/p>\n<p>El evento contar\u00e1, adem\u00e1s, con la participaci\u00f3n del <strong>Ballet Folkl\u00f3rico Municipal<\/strong> y del m\u00fasico local <strong>Jos\u00e9 Lucero Pedr\u00e1z, <\/strong>quien interpretar\u00e1 el<strong> Triunfo.<\/strong><\/p>\n<p>&nbsp;<\/p>\n","protected":false},"excerpt":{"rendered":"<p>La inscripci\u00f3n se realizar\u00e1 hasta el martes 19 de octubre en la Casa de la Cultura de 8:00 a 12:00<\/p>\n","protected":false},"author":6,"featured_media":35360,"comment_status":"closed","ping_status":"closed","sticky":false,"template":"","format":"standard","meta":{"_jetpack_memberships_contains_paid_content":false,"footnotes":""},"categories":[5,1],"tags":[],"class_list":["post-35357","post","type-post","status-publish","format-standard","has-post-thumbnail","hentry","category-informacion-general","category-portada"],"jetpack_featured_media_url":"https:\/\/i0.wp.com\/cdnoticias.com\/wp-content\/uploads\/2021\/10\/Cultura-Convocatoria-Aplauso-Asardor-1024x683.jpg?fit=1024%2C683&ssl=1","jetpack_sharing_enabled":true,"_links":{"self":[{"href":"https:\/\/cdnoticias.com\/index.php\/wp-json\/wp\/v2\/posts\/35357","targetHints":{"allow":["GET"]}}],"collection":[{"href":"https:\/\/cdnoticias.com\/index.php\/wp-json\/wp\/v2\/posts"}],"about":[{"href":"https:\/\/cdnoticias.com\/index.php\/wp-json\/wp\/v2\/types\/post"}],"author":[{"embeddable":true,"href":"https:\/\/cdnoticias.com\/index.php\/wp-json\/wp\/v2\/users\/6"}],"replies":[{"embeddable":true,"href":"https:\/\/cdnoticias.com\/index.php\/wp-json\/wp\/v2\/comments?post=35357"}],"version-history":[{"count":0,"href":"https:\/\/cdnoticias.com\/index.php\/wp-json\/wp\/v2\/posts\/35357\/revisions"}],"wp:featuredmedia":[{"embeddable":true,"href":"https:\/\/cdnoticias.com\/index.php\/wp-json\/wp\/v2\/media\/35360"}],"wp:attachment":[{"href":"https:\/\/cdnoticias.com\/index.php\/wp-json\/wp\/v2\/media?parent=35357"}],"wp:term":[{"taxonomy":"category","embeddable":true,"href":"https:\/\/cdnoticias.com\/index.php\/wp-json\/wp\/v2\/categories?post=35357"},{"taxonomy":"post_tag","embeddable":true,"href":"https:\/\/cdnoticias.com\/index.php\/wp-json\/wp\/v2\/tags?post=35357"}],"curies":[{"name":"wp","href":"https:\/\/api.w.org\/{rel}","templated":true}]}}