{"id":35350,"date":"2021-10-13T16:47:02","date_gmt":"2021-10-13T19:47:02","guid":{"rendered":"http:\/\/www.centraldenoticias.com.ar\/?p=35350"},"modified":"2021-10-13T16:47:02","modified_gmt":"2021-10-13T19:47:02","slug":"este-sabado-el-estado-cerca-tuyo-estara-en-sierra-chica","status":"publish","type":"post","link":"https:\/\/cdnoticias.com\/index.php\/2021\/10\/13\/este-sabado-el-estado-cerca-tuyo-estara-en-sierra-chica\/","title":{"rendered":"Este s\u00e1bado \u201cEl Estado Cerca Tuyo\u201d estar\u00e1 en Sierra Chica"},"content":{"rendered":"<p>Organismos nacionales y provinciales atender\u00e1n a vecinos y vecinas en el horario de 10:30 a 13. Se realizar\u00e1n aplicaciones de primeras y segundas dosis contra el Covid a mayores de 18 a\u00f1os.\u00a0<!--more--><\/p>\n<hr \/>\n<p>En la ma\u00f1ana del pr\u00f3ximo s\u00e1bado, <strong>organismos nacionales y provinciales estar\u00e1n en la Plaza \u201cLa Tecla\u201d de Sierra Chica desde las 10:30 hasta las 13<\/strong>, atendiendo a los vecinos y vecinas que se acerquen a realizar distintos tr\u00e1mites y consultas.<\/p>\n<p>&nbsp;<\/p>\n<p>La jornada estar\u00e1 encabezada por Regi\u00f3n Sanitaria IX que <strong>realizar\u00e1 aplicaci\u00f3n de primeras y segundas dosis contra el Covid a mayores de 18 a\u00f1os<\/strong>, siempre que hayan cumplido con los tiempos de la vacuna, ANSES, IOMA, Ministerio de Desarrollo Social de la Naci\u00f3n y Defensor\u00eda del Pueblo de la Provincia de Buenos Aires que atender\u00e1n tr\u00e1mites correspondientes a cada organismo.<\/p>\n<p>&nbsp;<\/p>\n<p>\u201cEl Estado Cerca Tuyo\u201d atender\u00e1 en Sierra Chica sin turno previo,<strong> ser\u00e1 por orden de llegada y todos los asistentes deber\u00e1n respetar los protocolos sanitarios, el distanciamiento social y uso obligatorio de barbijo.<\/strong><\/p>\n","protected":false},"excerpt":{"rendered":"<p>Organismos nacionales y provinciales atender\u00e1n a vecinos y vecinas en el horario de 10:30 a 13. Se realizar\u00e1n aplicaciones de<\/p>\n","protected":false},"author":5,"featured_media":0,"comment_status":"closed","ping_status":"closed","sticky":false,"template":"","format":"standard","meta":{"_jetpack_memberships_contains_paid_content":false,"footnotes":""},"categories":[5,1],"tags":[],"class_list":["post-35350","post","type-post","status-publish","format-standard","hentry","category-informacion-general","category-portada"],"jetpack_featured_media_url":"","jetpack_sharing_enabled":true,"_links":{"self":[{"href":"https:\/\/cdnoticias.com\/index.php\/wp-json\/wp\/v2\/posts\/35350","targetHints":{"allow":["GET"]}}],"collection":[{"href":"https:\/\/cdnoticias.com\/index.php\/wp-json\/wp\/v2\/posts"}],"about":[{"href":"https:\/\/cdnoticias.com\/index.php\/wp-json\/wp\/v2\/types\/post"}],"author":[{"embeddable":true,"href":"https:\/\/cdnoticias.com\/index.php\/wp-json\/wp\/v2\/users\/5"}],"replies":[{"embeddable":true,"href":"https:\/\/cdnoticias.com\/index.php\/wp-json\/wp\/v2\/comments?post=35350"}],"version-history":[{"count":0,"href":"https:\/\/cdnoticias.com\/index.php\/wp-json\/wp\/v2\/posts\/35350\/revisions"}],"wp:attachment":[{"href":"https:\/\/cdnoticias.com\/index.php\/wp-json\/wp\/v2\/media?parent=35350"}],"wp:term":[{"taxonomy":"category","embeddable":true,"href":"https:\/\/cdnoticias.com\/index.php\/wp-json\/wp\/v2\/categories?post=35350"},{"taxonomy":"post_tag","embeddable":true,"href":"https:\/\/cdnoticias.com\/index.php\/wp-json\/wp\/v2\/tags?post=35350"}],"curies":[{"name":"wp","href":"https:\/\/api.w.org\/{rel}","templated":true}]}}