{"id":35338,"date":"2021-10-13T18:03:15","date_gmt":"2021-10-13T21:03:15","guid":{"rendered":"http:\/\/www.centraldenoticias.com.ar\/?p=35338"},"modified":"2021-10-13T18:03:15","modified_gmt":"2021-10-13T21:03:15","slug":"hoy-en-palabras-ramiro-borzi-habla-de-vacunacion-y-postpandemia","status":"publish","type":"post","link":"https:\/\/cdnoticias.com\/index.php\/2021\/10\/13\/hoy-en-palabras-ramiro-borzi-habla-de-vacunacion-y-postpandemia\/","title":{"rendered":"Hoy en +Palabras: Ramiro Borzi habla de vacunaci\u00f3n y postpandemia"},"content":{"rendered":"<p>El programa se emite todos los mi\u00e9rcoles por Canal Local. La importancia de la gesti\u00f3n, la distribuci\u00f3n de vacunas para toda la regi\u00f3n y el notable descenso de casos de Covid.<!--more--><\/p>\n<hr \/>\n<p><strong>El titular de la Regi\u00f3n Sanitaria IX, Ramiro Borzi, llegar\u00e1 hoy a +Palabras para dialogar sobre los efectos de la vacunaci\u00f3n y la postpandemia<\/strong>. Su paso por la organizaci\u00f3n gubernamental de la Provincia, los efectos de las vacunas en la poblaci\u00f3n, los datos en adultos, j\u00f3venes y ahora en ni\u00f1os, en <strong>un programa con agenda abierta<\/strong>.<\/p>\n<p>&nbsp;<\/p>\n<p>El programa de entrevistas en profundidad se emite cada mi\u00e9rcoles a las 21 por Canal Local y contar\u00e1 hoy con la presencia del funcionario que <strong>abordar\u00e1 la importancia de la vacunaci\u00f3n y la posibilidad que esto ha dado a mayores aperturas<\/strong>, encuentros y el retorno a la vida previa a la pandemia de Covid que modific\u00f3 la vida de millones de personas. La importancia de la gesti\u00f3n, la distribuci\u00f3n de vacunas para toda la regi\u00f3n y, lo m\u00e1s importante, el notable descenso de casos Covid de las \u00faltimas dos semanas ser\u00e1n abordados esta noche.<\/p>\n<p>&nbsp;<\/p>\n<p>El programa +Palabras <strong>es conducido por la periodista Fernanda Alvarez<\/strong>, mientras que el equipo de trabajo se completa con el <strong>productor Javier Torres<\/strong> y la<strong> edici\u00f3n y realizaci\u00f3n de Mariano Gregorini y Juan Oliv\u00e1n<\/strong>, de Lemon Pie contenidos audiovisuales.<\/p>\n<p>&nbsp;<\/p>\n<p><strong>Las emisiones son por Canal Local, todos los mi\u00e9rcoles a las 21<\/strong>, con 4 reiteraciones semanales, por lo que los televidentes tendr\u00e1n la opci\u00f3n de ver las entrevistas en diferentes d\u00edas y horarios. Las repeticiones son los jueves a las 14 (despu\u00e9s de Noticias), los s\u00e1bados\u00a0 a las 21,30, los domingos a las 18,30 y los martes a las 14.<\/p>\n<p>&nbsp;<\/p>\n<p>Las entrevistas de + Palabras son un espacio para conocer personalidades de Olavarr\u00eda desde un lugar m\u00e1s \u00edntimo, humano y sin barreras a la hora de dialogar.<\/p>\n<p>&nbsp;<\/p>\n<p>Las redes sociales servir\u00e1n de apoyo a la divulgaci\u00f3n de temas, as\u00ed como tambi\u00e9n de sugerencias de los televidentes. Es posible encontrar el sitio del programa en Facebook como Mas Palabras y en Instagram como maspalabrasolavarria. Los que quieran comunicarse con la producci\u00f3n del programa pueden hacerlo tambi\u00e9n a maspalabras21@gmail.com.<\/p>\n","protected":false},"excerpt":{"rendered":"<p>El programa se emite todos los mi\u00e9rcoles por Canal Local. La importancia de la gesti\u00f3n, la distribuci\u00f3n de vacunas para<\/p>\n","protected":false},"author":4,"featured_media":35339,"comment_status":"closed","ping_status":"closed","sticky":false,"template":"","format":"standard","meta":{"_jetpack_memberships_contains_paid_content":false,"footnotes":""},"categories":[9,1],"tags":[],"class_list":["post-35338","post","type-post","status-publish","format-standard","has-post-thumbnail","hentry","category-cultura","category-portada"],"jetpack_featured_media_url":"https:\/\/i0.wp.com\/cdnoticias.com\/wp-content\/uploads\/2021\/10\/fernanda-alvarez-ramiro-borzi.jpeg?fit=1177%2C755&ssl=1","jetpack_sharing_enabled":true,"_links":{"self":[{"href":"https:\/\/cdnoticias.com\/index.php\/wp-json\/wp\/v2\/posts\/35338","targetHints":{"allow":["GET"]}}],"collection":[{"href":"https:\/\/cdnoticias.com\/index.php\/wp-json\/wp\/v2\/posts"}],"about":[{"href":"https:\/\/cdnoticias.com\/index.php\/wp-json\/wp\/v2\/types\/post"}],"author":[{"embeddable":true,"href":"https:\/\/cdnoticias.com\/index.php\/wp-json\/wp\/v2\/users\/4"}],"replies":[{"embeddable":true,"href":"https:\/\/cdnoticias.com\/index.php\/wp-json\/wp\/v2\/comments?post=35338"}],"version-history":[{"count":0,"href":"https:\/\/cdnoticias.com\/index.php\/wp-json\/wp\/v2\/posts\/35338\/revisions"}],"wp:featuredmedia":[{"embeddable":true,"href":"https:\/\/cdnoticias.com\/index.php\/wp-json\/wp\/v2\/media\/35339"}],"wp:attachment":[{"href":"https:\/\/cdnoticias.com\/index.php\/wp-json\/wp\/v2\/media?parent=35338"}],"wp:term":[{"taxonomy":"category","embeddable":true,"href":"https:\/\/cdnoticias.com\/index.php\/wp-json\/wp\/v2\/categories?post=35338"},{"taxonomy":"post_tag","embeddable":true,"href":"https:\/\/cdnoticias.com\/index.php\/wp-json\/wp\/v2\/tags?post=35338"}],"curies":[{"name":"wp","href":"https:\/\/api.w.org\/{rel}","templated":true}]}}