{"id":35335,"date":"2021-10-13T13:03:05","date_gmt":"2021-10-13T16:03:05","guid":{"rendered":"http:\/\/www.centraldenoticias.com.ar\/?p=35335"},"modified":"2021-10-13T13:03:05","modified_gmt":"2021-10-13T16:03:05","slug":"juana-nelida-sebald-de-pierce-q-e-p-d","status":"publish","type":"post","link":"https:\/\/cdnoticias.com\/index.php\/2021\/10\/13\/juana-nelida-sebald-de-pierce-q-e-p-d\/","title":{"rendered":"Juana N\u00e9lida Sebald de Pierce\u00a0 (Q.E.P.D.)"},"content":{"rendered":"<p>Falleci\u00f3 en Hinojo el 13 de octubre de 2021 a los 70 a\u00f1os de edad. Su esposo Rolando Pierce; su hermano Germ\u00e1n Sebald; su sobrino Sergio Smith y dem\u00e1s deudos participan su fallecimiento.<\/p>\n<p>&nbsp;<\/p>\n<p>Sus restos ser\u00e1n velados en la Sala de Hinojo este jueves desde las 09:30 horas e inhumados en el Cementerio Municipal de la localidad a las 11:30. Nacida y vecina de Hinojo, jubilada.<\/p>\n","protected":false},"excerpt":{"rendered":"<p>Falleci\u00f3 en Hinojo el 13 de octubre de 2021 a los 70 a\u00f1os de edad. Su esposo Rolando Pierce; su<\/p>\n","protected":false},"author":2,"featured_media":0,"comment_status":"closed","ping_status":"closed","sticky":false,"template":"","format":"standard","meta":{"_jetpack_memberships_contains_paid_content":false,"footnotes":""},"categories":[10],"tags":[],"class_list":["post-35335","post","type-post","status-publish","format-standard","hentry","category-necrologicas"],"jetpack_featured_media_url":"","jetpack_sharing_enabled":true,"_links":{"self":[{"href":"https:\/\/cdnoticias.com\/index.php\/wp-json\/wp\/v2\/posts\/35335","targetHints":{"allow":["GET"]}}],"collection":[{"href":"https:\/\/cdnoticias.com\/index.php\/wp-json\/wp\/v2\/posts"}],"about":[{"href":"https:\/\/cdnoticias.com\/index.php\/wp-json\/wp\/v2\/types\/post"}],"author":[{"embeddable":true,"href":"https:\/\/cdnoticias.com\/index.php\/wp-json\/wp\/v2\/users\/2"}],"replies":[{"embeddable":true,"href":"https:\/\/cdnoticias.com\/index.php\/wp-json\/wp\/v2\/comments?post=35335"}],"version-history":[{"count":0,"href":"https:\/\/cdnoticias.com\/index.php\/wp-json\/wp\/v2\/posts\/35335\/revisions"}],"wp:attachment":[{"href":"https:\/\/cdnoticias.com\/index.php\/wp-json\/wp\/v2\/media?parent=35335"}],"wp:term":[{"taxonomy":"category","embeddable":true,"href":"https:\/\/cdnoticias.com\/index.php\/wp-json\/wp\/v2\/categories?post=35335"},{"taxonomy":"post_tag","embeddable":true,"href":"https:\/\/cdnoticias.com\/index.php\/wp-json\/wp\/v2\/tags?post=35335"}],"curies":[{"name":"wp","href":"https:\/\/api.w.org\/{rel}","templated":true}]}}