{"id":35326,"date":"2021-10-13T12:10:14","date_gmt":"2021-10-13T15:10:14","guid":{"rendered":"http:\/\/www.centraldenoticias.com.ar\/?p=35326"},"modified":"2021-10-13T15:57:59","modified_gmt":"2021-10-13T18:57:59","slug":"se-suspendio-la-llegada-del-gobernador-axel-kicilof","status":"publish","type":"post","link":"https:\/\/cdnoticias.com\/index.php\/2021\/10\/13\/se-suspendio-la-llegada-del-gobernador-axel-kicilof\/","title":{"rendered":"Se suspendi\u00f3 la llegada del gobernador Axel Kicillof"},"content":{"rendered":"<p>La visita se pospuso para este jueves por la ma\u00f1ana. Kicillof iba a arribar con el ministro Berni para entregar patrulleros a dependencias policiales de Olavarr\u00eda y Azul.<!--more--><\/p>\n<hr \/>\n<p><strong>La llegada del gobernador Axel Kicillof prevista para este mi\u00e9rcoles se posterg\u00f3 para el jueves \u201cpor razones clim\u00e1ticas\u201d<\/strong>, se explic\u00f3.<\/p>\n<p>&nbsp;<\/p>\n<p><a href=\"https:\/\/cdnoticias.com\/index.php\/2021\/10\/12\/kicillof-llegara-este-miercoles-a-olavarria-para-entregar-patrulleros\/\" target=\"_blank\" rel=\"noopener\">La agenda de actividades es la misma que ya estaba prevista<\/a>: <strong>pas\u00f3 para las 8.30 del jueves en el Cerro Luciano Fortabat donde funciona la Escuela de Polic\u00eda \u201cJuan Vucetich\u201d<\/strong>.<\/p>\n<p>&nbsp;<\/p>\n<p><img data-recalc-dims=\"1\" loading=\"lazy\" decoding=\"async\" class=\"size-full wp-image-34789 aligncenter\" src=\"https:\/\/i0.wp.com\/cdnoticias.com\/wp-content\/uploads\/2021\/10\/Sin-t%C3%ADtulo-1.jpg?resize=800%2C445&#038;ssl=1\" alt=\"\" width=\"800\" height=\"445\" srcset=\"https:\/\/i0.wp.com\/cdnoticias.com\/wp-content\/uploads\/2021\/10\/Sin-t%C3%ADtulo-1.jpg?w=800&amp;ssl=1 800w, https:\/\/i0.wp.com\/cdnoticias.com\/wp-content\/uploads\/2021\/10\/Sin-t%C3%ADtulo-1.jpg?resize=300%2C167&amp;ssl=1 300w, https:\/\/i0.wp.com\/cdnoticias.com\/wp-content\/uploads\/2021\/10\/Sin-t%C3%ADtulo-1.jpg?resize=768%2C427&amp;ssl=1 768w\" sizes=\"auto, (max-width: 800px) 100vw, 800px\" \/><\/p>\n<p>&nbsp;<\/p>\n<p>Se hab\u00eda programado la llegada de Kicillof junto al ministro de Seguridad, Sergio Berni, para <strong>entregar patrulleros para las polic\u00edas de Olavarr\u00eda y de Azul<\/strong> y tambi\u00e9n la visita a la escuela de cadetes con formaci\u00f3n en orientaci\u00f3n rural.<\/p>\n<p>&nbsp;<\/p>\n<p>Asimismo, <strong>tambi\u00e9n este mi\u00e9rcoles se esperaba al gobernador en la localidad de Tapalqu\u00e9<\/strong> para junto al intendente, Gustavo Cocconi, inaugurar el centro de entrenamiento de bomberos.<\/p>\n","protected":false},"excerpt":{"rendered":"<p>La visita se pospuso para este jueves por la ma\u00f1ana. Kicillof iba a arribar con el ministro Berni para entregar<\/p>\n","protected":false},"author":4,"featured_media":33162,"comment_status":"closed","ping_status":"closed","sticky":false,"template":"","format":"standard","meta":{"_jetpack_memberships_contains_paid_content":false,"footnotes":""},"categories":[4,1],"tags":[],"class_list":["post-35326","post","type-post","status-publish","format-standard","has-post-thumbnail","hentry","category-politica","category-portada"],"jetpack_featured_media_url":"https:\/\/i0.wp.com\/cdnoticias.com\/wp-content\/uploads\/2021\/09\/kicillof-anuncio-01.jpg?fit=862%2C480&ssl=1","jetpack_sharing_enabled":true,"_links":{"self":[{"href":"https:\/\/cdnoticias.com\/index.php\/wp-json\/wp\/v2\/posts\/35326","targetHints":{"allow":["GET"]}}],"collection":[{"href":"https:\/\/cdnoticias.com\/index.php\/wp-json\/wp\/v2\/posts"}],"about":[{"href":"https:\/\/cdnoticias.com\/index.php\/wp-json\/wp\/v2\/types\/post"}],"author":[{"embeddable":true,"href":"https:\/\/cdnoticias.com\/index.php\/wp-json\/wp\/v2\/users\/4"}],"replies":[{"embeddable":true,"href":"https:\/\/cdnoticias.com\/index.php\/wp-json\/wp\/v2\/comments?post=35326"}],"version-history":[{"count":0,"href":"https:\/\/cdnoticias.com\/index.php\/wp-json\/wp\/v2\/posts\/35326\/revisions"}],"wp:featuredmedia":[{"embeddable":true,"href":"https:\/\/cdnoticias.com\/index.php\/wp-json\/wp\/v2\/media\/33162"}],"wp:attachment":[{"href":"https:\/\/cdnoticias.com\/index.php\/wp-json\/wp\/v2\/media?parent=35326"}],"wp:term":[{"taxonomy":"category","embeddable":true,"href":"https:\/\/cdnoticias.com\/index.php\/wp-json\/wp\/v2\/categories?post=35326"},{"taxonomy":"post_tag","embeddable":true,"href":"https:\/\/cdnoticias.com\/index.php\/wp-json\/wp\/v2\/tags?post=35326"}],"curies":[{"name":"wp","href":"https:\/\/api.w.org\/{rel}","templated":true}]}}