{"id":35268,"date":"2021-10-12T20:18:39","date_gmt":"2021-10-12T23:18:39","guid":{"rendered":"http:\/\/www.centraldenoticias.com.ar\/?p=35268"},"modified":"2021-10-13T08:15:47","modified_gmt":"2021-10-13T11:15:47","slug":"frente-de-todos-frigorifico-municipal-viviendas-y-forestacion-urbana","status":"publish","type":"post","link":"https:\/\/cdnoticias.com\/index.php\/2021\/10\/12\/frente-de-todos-frigorifico-municipal-viviendas-y-forestacion-urbana\/","title":{"rendered":"Frente de Todos: Frigor\u00edfico municipal, viviendas y forestaci\u00f3n urbana"},"content":{"rendered":"<p>Candidatos y candidatas a concejales presentaron las propuestas del espacio en el marco de la campa\u00f1a para las pr\u00f3ximas elecciones. Los principales ejes de trabajo.<!--more--><\/p>\n<hr \/>\n<p>Este martes los candidatos del Frente de Todos presentaron las distintas propuestas en las que se encuentran trabajando de cara a las <strong>Legislativas 2021.<\/strong><\/p>\n<p>&nbsp;<\/p>\n<p>Todo se desarroll\u00f3 en un encuentro realizado en el sal\u00f3n del CECO y cont\u00f3 con la presencia de los integrantes de la lista a nivel local, la candidata a senadora provincial Liliana Schwindt, el subsecretario de Miner\u00eda Federico Aguilera y el diputado provincial C\u00e9sar Valicenti, entre otros.<\/p>\n<p>&nbsp;<\/p>\n<p>El primer candidato en la lista de concejales <strong>Maximiliano Wesner, fue el encargado de iniciar la presentaci\u00f3n.<\/strong> Destac\u00f3 las charlas con vecinos y vecinas de las localidades y de la ciudad, y dio paso a la presentaci\u00f3n de alguna de las propuestas en respuesta a las inquietudes manifestadas en esos encuentros.<\/p>\n<p>&nbsp;<\/p>\n<p><img data-recalc-dims=\"1\" loading=\"lazy\" decoding=\"async\" class=\"alignnone size-full wp-image-35259\" src=\"https:\/\/i0.wp.com\/cdnoticias.com\/wp-content\/uploads\/2021\/10\/WhatsApp-Image-2021-10-12-at-19.10.15-1.jpeg?resize=800%2C533&#038;ssl=1\" alt=\"\" width=\"800\" height=\"533\" srcset=\"https:\/\/i0.wp.com\/cdnoticias.com\/wp-content\/uploads\/2021\/10\/WhatsApp-Image-2021-10-12-at-19.10.15-1.jpeg?w=1152&amp;ssl=1 1152w, https:\/\/i0.wp.com\/cdnoticias.com\/wp-content\/uploads\/2021\/10\/WhatsApp-Image-2021-10-12-at-19.10.15-1.jpeg?resize=300%2C200&amp;ssl=1 300w, https:\/\/i0.wp.com\/cdnoticias.com\/wp-content\/uploads\/2021\/10\/WhatsApp-Image-2021-10-12-at-19.10.15-1.jpeg?resize=768%2C512&amp;ssl=1 768w, https:\/\/i0.wp.com\/cdnoticias.com\/wp-content\/uploads\/2021\/10\/WhatsApp-Image-2021-10-12-at-19.10.15-1.jpeg?resize=1024%2C683&amp;ssl=1 1024w, https:\/\/i0.wp.com\/cdnoticias.com\/wp-content\/uploads\/2021\/10\/WhatsApp-Image-2021-10-12-at-19.10.15-1.jpeg?resize=272%2C182&amp;ssl=1 272w\" sizes=\"auto, (max-width: 800px) 100vw, 800px\" \/><\/p>\n<p>&nbsp;<\/p>\n<p>Uno de los ejes destacados fue el desarrollo para la promoci\u00f3n de un<strong> matadero frigor\u00edfico municipal en Olavarr\u00eda.<\/strong><em> \u201cCreemos que es una cuesti\u00f3n central y por eso pensamos en una propuesta de promoci\u00f3n para la ejecuci\u00f3n de un frigor\u00edfico en el partido de Olavarr\u00eda\u201d,<\/em> destac\u00f3 Wesner.<\/p>\n<p>&nbsp;<\/p>\n<p>A su vez, otro gran tema estuvo centrado en la <strong>cuesti\u00f3n habitacional<\/strong>: <em>\u201cVamos a poner a disposici\u00f3n del Ejecutivo un proyecto de ordenanza para la construcci\u00f3n de 100 viviendas anuales\u201d<\/em>, indic\u00f3.<\/p>\n<p>&nbsp;<\/p>\n<p><img data-recalc-dims=\"1\" loading=\"lazy\" decoding=\"async\" class=\"alignnone size-full wp-image-35258\" src=\"https:\/\/i0.wp.com\/cdnoticias.com\/wp-content\/uploads\/2021\/10\/WhatsApp-Image-2021-10-12-at-19.10.16.jpeg?resize=800%2C533&#038;ssl=1\" alt=\"\" width=\"800\" height=\"533\" srcset=\"https:\/\/i0.wp.com\/cdnoticias.com\/wp-content\/uploads\/2021\/10\/WhatsApp-Image-2021-10-12-at-19.10.16.jpeg?w=1152&amp;ssl=1 1152w, https:\/\/i0.wp.com\/cdnoticias.com\/wp-content\/uploads\/2021\/10\/WhatsApp-Image-2021-10-12-at-19.10.16.jpeg?resize=300%2C200&amp;ssl=1 300w, https:\/\/i0.wp.com\/cdnoticias.com\/wp-content\/uploads\/2021\/10\/WhatsApp-Image-2021-10-12-at-19.10.16.jpeg?resize=768%2C512&amp;ssl=1 768w, https:\/\/i0.wp.com\/cdnoticias.com\/wp-content\/uploads\/2021\/10\/WhatsApp-Image-2021-10-12-at-19.10.16.jpeg?resize=1024%2C683&amp;ssl=1 1024w, https:\/\/i0.wp.com\/cdnoticias.com\/wp-content\/uploads\/2021\/10\/WhatsApp-Image-2021-10-12-at-19.10.16.jpeg?resize=272%2C182&amp;ssl=1 272w\" sizes=\"auto, (max-width: 800px) 100vw, 800px\" \/><\/p>\n<p>&nbsp;<\/p>\n<p>Por su parte, <strong>Telma Cazot fue la encargada de explicar las propuestas en materia de desarrollo social<\/strong>. Entre las mencionadas, se habl\u00f3 de la posibilidad de municipalizar el programa \u201cConstruir Futuro\u201d y la creaci\u00f3n del Consejo Local de Promoci\u00f3n y Protecci\u00f3n de los derechos de los ni\u00f1os, ni\u00f1as y adolescentes.<\/p>\n<p>&nbsp;<\/p>\n<p>Por su parte,<strong> Gast\u00f3n Sarachu present\u00f3 las propuestas en materia ambiental<\/strong> y destac\u00f3 como propuestas<em> \u201clos incentivos a la producci\u00f3n agroecol\u00f3gica\u201d<\/em> con la intenci\u00f3n de que <em>\u201cmediante ordenanza fomentar e incentivar tanto la producci\u00f3n como los canales de comercializaci\u00f3n\u201d.<\/em><\/p>\n<p>&nbsp;<\/p>\n<p>Adem\u00e1s, destac\u00f3 la posibilidad de que estos productos <em>\u201cpuedan el d\u00eda de ma\u00f1ana cubrir demandas m\u00e1s ambiciosas como pueden ser comedores, el Hospital, Centro de D\u00eda, garantizando para estos lugares alimentos saludables\u201d.<\/em><\/p>\n<p>&nbsp;<\/p>\n<p><img data-recalc-dims=\"1\" loading=\"lazy\" decoding=\"async\" class=\"alignnone size-full wp-image-35251\" src=\"https:\/\/i0.wp.com\/cdnoticias.com\/wp-content\/uploads\/2021\/10\/WhatsApp-Image-2021-10-12-at-19.10.19.jpeg?resize=800%2C533&#038;ssl=1\" alt=\"\" width=\"800\" height=\"533\" srcset=\"https:\/\/i0.wp.com\/cdnoticias.com\/wp-content\/uploads\/2021\/10\/WhatsApp-Image-2021-10-12-at-19.10.19.jpeg?w=1152&amp;ssl=1 1152w, https:\/\/i0.wp.com\/cdnoticias.com\/wp-content\/uploads\/2021\/10\/WhatsApp-Image-2021-10-12-at-19.10.19.jpeg?resize=300%2C200&amp;ssl=1 300w, https:\/\/i0.wp.com\/cdnoticias.com\/wp-content\/uploads\/2021\/10\/WhatsApp-Image-2021-10-12-at-19.10.19.jpeg?resize=768%2C512&amp;ssl=1 768w, https:\/\/i0.wp.com\/cdnoticias.com\/wp-content\/uploads\/2021\/10\/WhatsApp-Image-2021-10-12-at-19.10.19.jpeg?resize=1024%2C683&amp;ssl=1 1024w, https:\/\/i0.wp.com\/cdnoticias.com\/wp-content\/uploads\/2021\/10\/WhatsApp-Image-2021-10-12-at-19.10.19.jpeg?resize=272%2C182&amp;ssl=1 272w\" sizes=\"auto, (max-width: 800px) 100vw, 800px\" \/><\/p>\n<p>&nbsp;<\/p>\n<p>Otra de las propuestas, consisti\u00f3 en un programa de<strong> forestaci\u00f3n urbana<\/strong><em> \u201cporque es necesario recomponer el arbolado p\u00fablico el arbolado de la ciudad\u201d<\/em>. En ese sentido, indic\u00f3 que<em> \u201cno vemos que haya por parte del municipio un plan\u201d.<\/em><\/p>\n<p>&nbsp;<\/p>\n<p>Por \u00faltimo, mencion\u00f3 <em>\u201cque los grandes generadores de residuos se vean obligados a hacer una separaci\u00f3n en origen\u201d<\/em>. Y aclar\u00f3 que <em>\u201csiempre en articulaci\u00f3n con recicladores urbanos, con aquellas cooperativas que est\u00e1n trabajando en el tema, incorporadas a un registro local que nos permita trabajar con ellos\u201d.<\/em><\/p>\n","protected":false},"excerpt":{"rendered":"<p>Candidatos y candidatas a concejales presentaron las propuestas del espacio en el marco de la campa\u00f1a para las pr\u00f3ximas elecciones.<\/p>\n","protected":false},"author":5,"featured_media":35261,"comment_status":"closed","ping_status":"closed","sticky":false,"template":"","format":"standard","meta":{"_jetpack_memberships_contains_paid_content":false,"footnotes":""},"categories":[17,1],"tags":[],"class_list":["post-35268","post","type-post","status-publish","format-standard","has-post-thumbnail","hentry","category-elecciones-2021","category-portada"],"jetpack_featured_media_url":"https:\/\/i0.wp.com\/cdnoticias.com\/wp-content\/uploads\/2021\/10\/WhatsApp-Image-2021-10-12-at-19.10.14-1.jpeg?fit=1152%2C768&ssl=1","jetpack_sharing_enabled":true,"_links":{"self":[{"href":"https:\/\/cdnoticias.com\/index.php\/wp-json\/wp\/v2\/posts\/35268","targetHints":{"allow":["GET"]}}],"collection":[{"href":"https:\/\/cdnoticias.com\/index.php\/wp-json\/wp\/v2\/posts"}],"about":[{"href":"https:\/\/cdnoticias.com\/index.php\/wp-json\/wp\/v2\/types\/post"}],"author":[{"embeddable":true,"href":"https:\/\/cdnoticias.com\/index.php\/wp-json\/wp\/v2\/users\/5"}],"replies":[{"embeddable":true,"href":"https:\/\/cdnoticias.com\/index.php\/wp-json\/wp\/v2\/comments?post=35268"}],"version-history":[{"count":0,"href":"https:\/\/cdnoticias.com\/index.php\/wp-json\/wp\/v2\/posts\/35268\/revisions"}],"wp:featuredmedia":[{"embeddable":true,"href":"https:\/\/cdnoticias.com\/index.php\/wp-json\/wp\/v2\/media\/35261"}],"wp:attachment":[{"href":"https:\/\/cdnoticias.com\/index.php\/wp-json\/wp\/v2\/media?parent=35268"}],"wp:term":[{"taxonomy":"category","embeddable":true,"href":"https:\/\/cdnoticias.com\/index.php\/wp-json\/wp\/v2\/categories?post=35268"},{"taxonomy":"post_tag","embeddable":true,"href":"https:\/\/cdnoticias.com\/index.php\/wp-json\/wp\/v2\/tags?post=35268"}],"curies":[{"name":"wp","href":"https:\/\/api.w.org\/{rel}","templated":true}]}}