{"id":35257,"date":"2023-05-09T18:48:49","date_gmt":"2023-05-09T21:48:49","guid":{"rendered":"http:\/\/centraldeportes.com.ar\/?p=35257"},"modified":"2025-02-11T17:05:38","modified_gmt":"2025-02-11T20:05:38","slug":"ferro-participo-de-un-encuentro-nacional-de-mini-basquet-en-tandil","status":"publish","type":"post","link":"https:\/\/cdnoticias.com\/index.php\/2023\/05\/09\/ferro-participo-de-un-encuentro-nacional-de-mini-basquet-en-tandil\/","title":{"rendered":"Ferro particip\u00f3 de un Encuentro Nacional de Mini B\u00e1squet en Tandil"},"content":{"rendered":"<p>La actividad se desarroll\u00f3 el pasado fin de semana y estuvo organizada por la Subcomisi\u00f3n de B\u00e1squet de Independiente. Por otro lado, las \u201cCarboneras\u201d estar\u00e1n participando de un triangular con dos equipos de la provincia.<!--more--><\/p>\n<hr \/>\n<p>Las categor\u00edas Pre-Mini y Mini del b\u00e1squetbol femenino de<strong> Ferro Carril Sud<\/strong> participaron el pasado fin de semana del <strong>Encuentro Nacional de Mini B\u00e1squet<\/strong> que estuvo bajo la organizaci\u00f3n del Club <strong>Independiente de Tandil<\/strong>.<\/p>\n<p>&nbsp;<\/p>\n<p><img data-recalc-dims=\"1\" loading=\"lazy\" decoding=\"async\" class=\"aligncenter size-large wp-image-35260\" src=\"https:\/\/i0.wp.com\/centraldeportes.com.ar\/wp-content\/uploads\/2023\/05\/Encuentro-de-Mini-B%C3%A1squet-Femenino2-1024x576.jpeg?resize=800%2C450\" alt=\"\" width=\"800\" height=\"450\" \/><\/p>\n<p>&nbsp;<\/p>\n<p>Adem\u00e1s del \u201cCarbonero\u201d, <strong>el evento que se desarroll\u00f3 en las instalaciones de la entidad \u201cRojinegra\u201d<\/strong> tuvo las participaciones de Alumni de Orense, Club de Pelota (Tres Arroyos), Independiente de San Cayetano, Rivadavia de Necochea, Pera\u00f1ol (Mar del Plata), Comercio (General Alvear), Escuela Municipal de B\u00e1squet de Benito Ju\u00e1rez, Alejandro Korn, Argentino Junior (Tres Arroyos), Villa del Parque (Necochea) y Uni\u00f3n y Progreso de Tandil.<\/p>\n<p>&nbsp;<\/p>\n<p>Una vez culminado los partidos, las \u201cCarboneras\u201d cerraron su participaci\u00f3n compartiendo un lindo momento con chicas de los dem\u00e1s equipos part\u00edcipes.<\/p>\n<p>&nbsp;<\/p>\n<p><img data-recalc-dims=\"1\" loading=\"lazy\" decoding=\"async\" class=\"aligncenter size-large wp-image-35259\" src=\"https:\/\/i0.wp.com\/centraldeportes.com.ar\/wp-content\/uploads\/2023\/05\/Encuentro-de-Mini-B%C3%A1squet-Femenino1-e1683668778965-1024x617.jpeg?resize=800%2C482\" alt=\"\" width=\"800\" height=\"482\" \/><\/p>\n<p>&nbsp;<\/p>\n<h6><strong>Se viene el triangular<\/strong><\/h6>\n<p>La Subcomisi\u00f3n del B\u00e1squet femenino de Ferro<strong> anunci\u00f3 que junto a Rivadavia de Necochea y El Nacional de Bah\u00eda Blanca conformar\u00e1n un torneo para tener m\u00e1s rodaje<\/strong> y est\u00e1 apuntado para la categor\u00eda Mini hasta Primera Divisi\u00f3n.<\/p>\n<p>&nbsp;<\/p>\n<p>El certamen ser\u00e1 de car\u00e1cter amistoso, de ida y vuelta y <strong>comenzar\u00e1 el s\u00e1bado 20 del corriente mes<\/strong>. All\u00ed <strong>Ferro, estar\u00e1 jugando la primera fecha contra el elenco necochense en el gimnasio Ricardo De la Vega<\/strong>.<\/p>\n<p>&nbsp;<\/p>\n<p><em><strong>Fotos: Subcomisi\u00f3n de B\u00e1squet Femenino de Ferro.<\/strong><\/em><\/p>\n","protected":false},"excerpt":{"rendered":"<p>La actividad se desarroll\u00f3 el pasado fin de semana y estuvo organizada por la Subcomisi\u00f3n de B\u00e1squet de Independiente. Por<\/p>\n","protected":false},"author":96739694,"featured_media":155116,"comment_status":"closed","ping_status":"closed","sticky":false,"template":"","format":"standard","meta":{"_jetpack_memberships_contains_paid_content":false,"footnotes":""},"categories":[31,58,1],"tags":[],"class_list":["post-35257","post","type-post","status-publish","format-standard","has-post-thumbnail","hentry","category-basquet","category-femenino-basquet","category-portada"],"jetpack_featured_media_url":"https:\/\/i0.wp.com\/cdnoticias.com\/wp-content\/uploads\/2023\/05\/Encuentro-de-Mini-B%C3%A1squet-Femenino-e1683668744855.jpeg?fit=1600%2C952&ssl=1","jetpack_sharing_enabled":true,"_links":{"self":[{"href":"https:\/\/cdnoticias.com\/index.php\/wp-json\/wp\/v2\/posts\/35257","targetHints":{"allow":["GET"]}}],"collection":[{"href":"https:\/\/cdnoticias.com\/index.php\/wp-json\/wp\/v2\/posts"}],"about":[{"href":"https:\/\/cdnoticias.com\/index.php\/wp-json\/wp\/v2\/types\/post"}],"author":[{"embeddable":true,"href":"https:\/\/cdnoticias.com\/index.php\/wp-json\/wp\/v2\/users\/96739694"}],"replies":[{"embeddable":true,"href":"https:\/\/cdnoticias.com\/index.php\/wp-json\/wp\/v2\/comments?post=35257"}],"version-history":[{"count":0,"href":"https:\/\/cdnoticias.com\/index.php\/wp-json\/wp\/v2\/posts\/35257\/revisions"}],"wp:featuredmedia":[{"embeddable":true,"href":"https:\/\/cdnoticias.com\/index.php\/wp-json\/wp\/v2\/media\/155116"}],"wp:attachment":[{"href":"https:\/\/cdnoticias.com\/index.php\/wp-json\/wp\/v2\/media?parent=35257"}],"wp:term":[{"taxonomy":"category","embeddable":true,"href":"https:\/\/cdnoticias.com\/index.php\/wp-json\/wp\/v2\/categories?post=35257"},{"taxonomy":"post_tag","embeddable":true,"href":"https:\/\/cdnoticias.com\/index.php\/wp-json\/wp\/v2\/tags?post=35257"}],"curies":[{"name":"wp","href":"https:\/\/api.w.org\/{rel}","templated":true}]}}