{"id":35230,"date":"2023-05-09T14:31:17","date_gmt":"2023-05-09T17:31:17","guid":{"rendered":"http:\/\/centraldeportes.com.ar\/?p=35230"},"modified":"2025-02-11T17:05:49","modified_gmt":"2025-02-11T20:05:49","slug":"presentacion-del-programa-de-becas-y-espejos-deportivos-2023","status":"publish","type":"post","link":"https:\/\/cdnoticias.com\/index.php\/2023\/05\/09\/presentacion-del-programa-de-becas-y-espejos-deportivos-2023\/","title":{"rendered":"Presentaci\u00f3n del Programa de Becas y Espejos Deportivos 2023"},"content":{"rendered":"<p>En el anochecer de este lunes, el Intendente Ezequiel Galli encabez\u00f3 la presentaci\u00f3n de una nueva edici\u00f3n de los Programas de Becas y Espejos Deportivos, con los cuales la Municipalidad acompa\u00f1a el esfuerzo y dedicaci\u00f3n de destacados exponentes del deporte olavarriense.<\/p>\n<p><!--more--><\/p>\n<hr \/>\n<p>El acto se llev\u00f3 a cabo en sal\u00f3n del Club Ferro y el jefe comunal estuvo acompa\u00f1ado por el secretario de Desarrollo Humano y Calidad de Vida Diego Robbiani, el subsecretario de Deportes y Recreaci\u00f3n Juan Agust\u00edn Galli, el director de Deporte Social Fabricio Carrera y el director de Gesti\u00f3n Deportiva Oscar Gonz\u00e1lez.<\/p>\n<p>&nbsp;<\/p>\n<p><em>&#8220;Gracias por acercarse a nuestros representantes deportivos en cada una de las disciplinas y tambi\u00e9n a los integrantes del Programa Espejos, que para nosotros son muy importantes. La idea de c\u00f3mo surge el programa espejos es tratar de lograr que quienes nos representan a nivel nacional -en algunos casos en otros pa\u00edses- a Olavarr\u00eda desde lo deportivo, sean un espejo para los m\u00e1s chicos y que los m\u00e1s chicos se vean reflejados y quieran sumarse a hacer un deporte, quieran ir a un club, a una disciplina y lograr que los chicos hagan deporte. Para nosotros el deporte es una pol\u00edtica de Estado desde diciembre de 2015 y lo vemos de esa manera&#8221;,<\/em>\u00a0sostuvo el Intendente.<\/p>\n<p>&nbsp;<\/p>\n<p>Asimismo remarc\u00f3 que<em>\u00a0&#8220;tener hoy tantos representantes y tantos becados realmente nos llena de orgullo, porque lo vemos reflejado, no solamente en los resultados. Hay tantos chicos que tienen buenos resultados y que representan a Olavarr\u00eda, que realmente nos obliga a nosotros a\u00a0acompa\u00f1ar el crecimiento del deporte&#8221;.<\/em><\/p>\n<p>&nbsp;<\/p>\n<p><em>&#8220;Un ejemplo es la participaci\u00f3n de Olavarr\u00eda en los Bonaerenses en los \u00faltimos a\u00f1os, con tantos deportistas. Y eso habla de la pol\u00edtica deportiva y del compromiso, obviamente principalmente de las familias para que puedan competir, pero para m\u00ed como Intendente es un orgullo y un honor hoy poder estar entregado estas becas y les deseo lo mejor a cada uno de los deportistas en lo que resta de calendario de este 2023&#8221;<\/em>, agreg\u00f3.<\/p>\n<p>&nbsp;<\/p>\n<div class=\"tiled-gallery type-rectangular tiled-gallery-unresized\" data-original-width=\"800\" data-carousel-extra='null' itemscope itemtype=\"http:\/\/schema.org\/ImageGallery\" > <div class=\"gallery-row\" style=\"width: 800px; height: 535px;\" data-original-width=\"800\" data-original-height=\"535\" > <div class=\"gallery-group images-1\" style=\"width: 800px; height: 535px;\" data-original-width=\"800\" data-original-height=\"535\" > <div class=\"tiled-gallery-item tiled-gallery-item-large\" itemprop=\"associatedMedia\" itemscope itemtype=\"http:\/\/schema.org\/ImageObject\"> <a href=\"https:\/\/i0.wp.com\/cdnoticias.com\/wp-content\/uploads\/2021\/10\/WhatsApp-Image-2021-10-12-at-19.10.25-2.jpeg?ssl=1\" border=\"0\" itemprop=\"url\"> <meta itemprop=\"width\" content=\"796\"> <meta itemprop=\"height\" content=\"531\"> <img decoding=\"async\" class=\"\" data-attachment-id=\"35244\" data-orig-file=\"https:\/\/cdnoticias.com\/wp-content\/uploads\/2021\/10\/WhatsApp-Image-2021-10-12-at-19.10.25-2.jpeg\" data-orig-size=\"1599,1066\" data-comments-opened=\"\" data-image-meta=\"{&quot;aperture&quot;:&quot;0&quot;,&quot;credit&quot;:&quot;&quot;,&quot;camera&quot;:&quot;&quot;,&quot;caption&quot;:&quot;&quot;,&quot;created_timestamp&quot;:&quot;0&quot;,&quot;copyright&quot;:&quot;&quot;,&quot;focal_length&quot;:&quot;0&quot;,&quot;iso&quot;:&quot;0&quot;,&quot;shutter_speed&quot;:&quot;0&quot;,&quot;title&quot;:&quot;&quot;,&quot;orientation&quot;:&quot;0&quot;}\" data-image-title=\"WhatsApp Image 2021-10-12 at 19.10.25 (2)\" data-image-description=\"\" data-medium-file=\"https:\/\/i0.wp.com\/cdnoticias.com\/wp-content\/uploads\/2021\/10\/WhatsApp-Image-2021-10-12-at-19.10.25-2.jpeg?fit=300%2C200&#038;ssl=1\" data-large-file=\"https:\/\/i0.wp.com\/cdnoticias.com\/wp-content\/uploads\/2021\/10\/WhatsApp-Image-2021-10-12-at-19.10.25-2.jpeg?fit=800%2C534&#038;ssl=1\" src=\"https:\/\/i0.wp.com\/cdnoticias.com\/wp-content\/uploads\/2021\/10\/WhatsApp-Image-2021-10-12-at-19.10.25-2.jpeg?w=796&#038;h=531&#038;ssl=1\" srcset=\"https:\/\/i0.wp.com\/cdnoticias.com\/wp-content\/uploads\/2021\/10\/WhatsApp-Image-2021-10-12-at-19.10.25-2.jpeg?w=1599&amp;ssl=1 1599w, https:\/\/i0.wp.com\/cdnoticias.com\/wp-content\/uploads\/2021\/10\/WhatsApp-Image-2021-10-12-at-19.10.25-2.jpeg?resize=300%2C200&amp;ssl=1 300w, https:\/\/i0.wp.com\/cdnoticias.com\/wp-content\/uploads\/2021\/10\/WhatsApp-Image-2021-10-12-at-19.10.25-2.jpeg?resize=768%2C512&amp;ssl=1 768w, https:\/\/i0.wp.com\/cdnoticias.com\/wp-content\/uploads\/2021\/10\/WhatsApp-Image-2021-10-12-at-19.10.25-2.jpeg?resize=1024%2C683&amp;ssl=1 1024w, https:\/\/i0.wp.com\/cdnoticias.com\/wp-content\/uploads\/2021\/10\/WhatsApp-Image-2021-10-12-at-19.10.25-2.jpeg?resize=272%2C182&amp;ssl=1 272w\" width=\"796\" height=\"531\" loading=\"lazy\" data-original-width=\"796\" data-original-height=\"531\" itemprop=\"http:\/\/schema.org\/image\" title=\"WhatsApp Image 2021-10-12 at 19.10.25 (2)\" alt=\"WhatsApp Image 2021-10-12 at 19.10.25 (2)\" style=\"width: 796px; height: 531px;\" \/> <\/a> <\/div> <\/div> <!-- close group --> <\/div> <!-- close row --> <\/div>\n<p>&nbsp;<\/p>\n<p>Por \u00faltimo asegur\u00f3 que &#8220;<em>vamos a seguir apoy\u00e1ndolos, vamos a seguir acompa\u00f1\u00e1ndolos, porque para nosotros ustedes son embajadores de la ciudad, embajadores del Partido y cada vez que veo una foto de un podio con una bandera de Olavarr\u00eda realmente me pongo s\u00faper contento&#8221;.<\/em><\/p>\n<p>&nbsp;<\/p>\n<p>Por su parte, el subsecretario de Deportes Juan Agust\u00edn Galli enfatiz\u00f3 que &#8220;<em>el deporte es una herramienta fundamental para trabajar valores y ustedes como embajadores son replicadores, son el reflejo de lo que nosotros queremos que muchos sean as\u00ed. Cuentenle a otros deportistas que con sacrificio, que con esfuerzo las cosas se consiguen, no siempre lo vamos a conseguir los resultados, pero siempre vamos a conseguir vivencias e historias de vida que nos van a acompa\u00f1ar durante toda la vida&#8221;.<\/em><\/p>\n<p>&nbsp;<\/p>\n<p>El programa de Becas est\u00e1 destinado a chicos, chicas y adolescentes menores de 18 a\u00f1os, quienes est\u00e9n rankeados entre los 10 primeros del orden nacional y los 5 primeros del orden provincial de su disciplina, que deber\u00e1 tratarse de un deporte ol\u00edmpico y de orden individual.<\/p>\n<p>&nbsp;<\/p>\n<p>En cuanto al Programa de Espejos Deportivos, est\u00e1 orientado a deportistas mayores de 18 a\u00f1os, quienes hayan mostrado gran rendimiento, progreso constante, dedicaci\u00f3n en la preparaci\u00f3n y adecuada conducta deportiva, cuya trayectoria y dedicaci\u00f3n sean tanto un ejemplo como est\u00edmulo para que los m\u00e1s chicos se acerquen a la pr\u00e1ctica del deporte.<\/p>\n<p>&nbsp;<\/p>\n<p>El proceso de selecci\u00f3n para la presente edici\u00f3n se llev\u00f3 a cabo entre los meses de febrero y marzo, plazo en el que fueron escogidos 40 deportistas que se detallan a continuaci\u00f3n:<\/p>\n<p>&nbsp;<\/p>\n<p><strong>Becas<\/strong><\/p>\n<p>Nataci\u00f3n<\/p>\n<p>Felipe Coria<\/p>\n<p>Fernando Altamira<\/p>\n<p>Mateo Mares Endar<\/p>\n<p>Santos Tresarrieu<\/p>\n<p>Atletismo<\/p>\n<p>Juana Martinefsky<\/p>\n<p>El\u00edas Ignacio Alga\u00f1araz<\/p>\n<p>Alfredo Ardiles Caba<\/p>\n<p>Padel<\/p>\n<p>Mateo Conte<\/p>\n<p>Tenis<\/p>\n<p>Agustina Tar\u00e1ntola<\/p>\n<p>Josefina Rodr\u00edguez<\/p>\n<p>Ciclismo<\/p>\n<p>Nehu\u00e9n Erripa<\/p>\n<p>Fiamma Abrisqueta<\/p>\n<p>Charo Posse<\/p>\n<p>Adri\u00e1n Castro<\/p>\n<p>Ajedrez<\/p>\n<p>Augusto Ara\u00f1a<\/p>\n<p>Golf<\/p>\n<p>Malena Bah\u00eda<\/p>\n<p>Martiniano D\u00edaz Oviedo<\/p>\n<p>Tenis de Mesa<\/p>\n<p>Francisco Crimaldi<\/p>\n<p>Tiro Deportivo<\/p>\n<p>Valentino Rossi<\/p>\n<p>Cintia Bah\u00eda<\/p>\n<p>Canotaje<\/p>\n<p>Consuelo Mart\u00ednez Vailati<\/p>\n<p>Maitena Jorge Romero<\/p>\n<p>Pat\u00edn Carrera<\/p>\n<p>Lourdes Leal<\/p>\n<p>&nbsp;<\/p>\n<p><strong>Espejos Deportivos<\/strong><\/p>\n<p>Atletismo<\/p>\n<p>Tatiana Tonel<\/p>\n<p>Bautista Astiz<\/p>\n<p>Gustavo Fern\u00e1ndez<\/p>\n<p>Cecilia Fern\u00e1ndez<\/p>\n<p>Leonardo Landaburu<\/p>\n<p>Ciclismo<\/p>\n<p>Ludmila Posse<\/p>\n<p>William Brun<\/p>\n<p>Pablo Brun<\/p>\n<p>Airton Trumpio<\/p>\n<p>Lucrecia Hern\u00e1ndez<\/p>\n<p>Padel<\/p>\n<p>Ignacio Lascioli<\/p>\n<p>Nataci\u00f3n<\/p>\n<p>Lucas Otermin<\/p>\n<p>Juan Barros \u00c1lvarez<\/p>\n<p>Ajedrez<\/p>\n<p>Guadalupe Casasola<\/p>\n<p>Tiro Deportivo<\/p>\n<p>Alexander Bah\u00eda<\/p>\n<p>Lola S\u00e1nchez<\/p>\n<p>Pat\u00edn Art\u00edstico<\/p>\n<p>Luz Milagros Kremer<\/p>\n<p>&nbsp;<\/p>\n","protected":false},"excerpt":{"rendered":"<p>En el anochecer de este lunes, el Intendente Ezequiel Galli encabez\u00f3 la presentaci\u00f3n de una nueva edici\u00f3n de los Programas<\/p>\n","protected":false},"author":96739694,"featured_media":155132,"comment_status":"closed","ping_status":"closed","sticky":false,"template":"","format":"standard","meta":{"_jetpack_memberships_contains_paid_content":false,"footnotes":""},"categories":[30,1],"tags":[],"class_list":["post-35230","post","type-post","status-publish","format-standard","has-post-thumbnail","hentry","category-polideportivo","category-portada"],"jetpack_featured_media_url":"https:\/\/i0.wp.com\/cdnoticias.com\/wp-content\/uploads\/2023\/05\/Deportes-BecasEspejos-1-scaled-1.jpg?fit=2560%2C1711&ssl=1","jetpack_sharing_enabled":true,"_links":{"self":[{"href":"https:\/\/cdnoticias.com\/index.php\/wp-json\/wp\/v2\/posts\/35230","targetHints":{"allow":["GET"]}}],"collection":[{"href":"https:\/\/cdnoticias.com\/index.php\/wp-json\/wp\/v2\/posts"}],"about":[{"href":"https:\/\/cdnoticias.com\/index.php\/wp-json\/wp\/v2\/types\/post"}],"author":[{"embeddable":true,"href":"https:\/\/cdnoticias.com\/index.php\/wp-json\/wp\/v2\/users\/96739694"}],"replies":[{"embeddable":true,"href":"https:\/\/cdnoticias.com\/index.php\/wp-json\/wp\/v2\/comments?post=35230"}],"version-history":[{"count":0,"href":"https:\/\/cdnoticias.com\/index.php\/wp-json\/wp\/v2\/posts\/35230\/revisions"}],"wp:featuredmedia":[{"embeddable":true,"href":"https:\/\/cdnoticias.com\/index.php\/wp-json\/wp\/v2\/media\/155132"}],"wp:attachment":[{"href":"https:\/\/cdnoticias.com\/index.php\/wp-json\/wp\/v2\/media?parent=35230"}],"wp:term":[{"taxonomy":"category","embeddable":true,"href":"https:\/\/cdnoticias.com\/index.php\/wp-json\/wp\/v2\/categories?post=35230"},{"taxonomy":"post_tag","embeddable":true,"href":"https:\/\/cdnoticias.com\/index.php\/wp-json\/wp\/v2\/tags?post=35230"}],"curies":[{"name":"wp","href":"https:\/\/api.w.org\/{rel}","templated":true}]}}