{"id":35192,"date":"2021-10-12T11:15:39","date_gmt":"2021-10-12T14:15:39","guid":{"rendered":"http:\/\/www.centraldenoticias.com.ar\/?p=35192"},"modified":"2021-10-13T08:16:06","modified_gmt":"2021-10-13T11:16:06","slug":"caso-enzo-marconi-condena-de-cuatro-anos-de-prision","status":"publish","type":"post","link":"https:\/\/cdnoticias.com\/index.php\/2021\/10\/12\/caso-enzo-marconi-condena-de-cuatro-anos-de-prision\/","title":{"rendered":"Caso Enzo Marconi: condena de cuatro a\u00f1os de prisi\u00f3n"},"content":{"rendered":"<p>Sebasti\u00e1n S\u00e1nchez fue hallado culpable de \u201chomicidio culposo en concurso ideal con portaci\u00f3n de arma de fuego de uso civil sin la debida autorizaci\u00f3n legal\u201d.<!--more--><\/p>\n<hr \/>\n<p><strong>Este martes se dio a conocer la sentencia por el homicidio de Enzo Marconi<\/strong>, hecho ocurrido el 9 de febrero de 2020 en el barrio Jard\u00edn de nuestra ciudad cuando la v\u00edctima ten\u00eda 15 a\u00f1os.<\/p>\n<p>&nbsp;<\/p>\n<blockquote><p>El acusado, Sebasti\u00e1n El\u00edas S\u00e1nchez, fue hallado culpable de \u201chomicidio culposo en concurso ideal con portaci\u00f3n de arma de fuego de uso civil sin la debida autorizaci\u00f3n legal\u201d.<\/p><\/blockquote>\n<p>&nbsp;<\/p>\n<p>La sentencia que estableci\u00f3 la <strong>jueza Cecilia Desiata<\/strong> del Juzgado Correccional local fue de<strong> 4 a\u00f1os de prisi\u00f3n y ocho de inhabilitaci\u00f3n especial para portar y\/o tener armas de fuego<\/strong>.<\/p>\n<p>&nbsp;<\/p>\n<p><a href=\"https:\/\/cdnoticias.com\/index.php\/2021\/10\/06\/yesica-salguero-siento-paz-y-tranquilidad-de-que-lleve-al-asesino-de-mi-hijo-a-un-juicio\/\" target=\"_blank\" rel=\"noopener\">El juicio oral se hab\u00eda iniciado la semana pasada<\/a> en la sede del Poder Judicial de Olavarr\u00eda. <strong>S\u00e1nchez nunca estuvo privado de su libertad<\/strong> desde el inicio de la causa penal por la muerte del adolescente con lo que esta condena implicar\u00e1 adem\u00e1s su detenci\u00f3n.<\/p>\n<p>&nbsp;<\/p>\n<p><strong>La pena impuesta por la jueza Desiata se correspondi\u00f3 con lo que hab\u00eda solicitado la fiscal Paula Serrano<\/strong>, titular de la UFI 4, quien llev\u00f3 la acusaci\u00f3n en el juicio oral y, previamente, hab\u00eda tambi\u00e9n estado al frente de la investigaci\u00f3n del caso.<\/p>\n<p>&nbsp;<\/p>\n<p>En tanto, la representaci\u00f3n legal de la mam\u00e1 de Marconi, Yesica Salguero, bajo la figura de <strong>particular damnificado hab\u00eda solicitado la pena de 6 a\u00f1os de prisi\u00f3n de efectivo cumplimiento<\/strong>.<\/p>\n","protected":false},"excerpt":{"rendered":"<p>Sebasti\u00e1n S\u00e1nchez fue hallado culpable de \u201chomicidio culposo en concurso ideal con portaci\u00f3n de arma de fuego de uso civil<\/p>\n","protected":false},"author":4,"featured_media":20049,"comment_status":"closed","ping_status":"closed","sticky":false,"template":"","format":"standard","meta":{"_jetpack_memberships_contains_paid_content":false,"footnotes":""},"categories":[14,1],"tags":[],"class_list":["post-35192","post","type-post","status-publish","format-standard","has-post-thumbnail","hentry","category-policiales","category-portada"],"jetpack_featured_media_url":"https:\/\/i0.wp.com\/cdnoticias.com\/wp-content\/uploads\/2021\/04\/correcional.jpg?fit=800%2C445&ssl=1","jetpack_sharing_enabled":true,"_links":{"self":[{"href":"https:\/\/cdnoticias.com\/index.php\/wp-json\/wp\/v2\/posts\/35192","targetHints":{"allow":["GET"]}}],"collection":[{"href":"https:\/\/cdnoticias.com\/index.php\/wp-json\/wp\/v2\/posts"}],"about":[{"href":"https:\/\/cdnoticias.com\/index.php\/wp-json\/wp\/v2\/types\/post"}],"author":[{"embeddable":true,"href":"https:\/\/cdnoticias.com\/index.php\/wp-json\/wp\/v2\/users\/4"}],"replies":[{"embeddable":true,"href":"https:\/\/cdnoticias.com\/index.php\/wp-json\/wp\/v2\/comments?post=35192"}],"version-history":[{"count":0,"href":"https:\/\/cdnoticias.com\/index.php\/wp-json\/wp\/v2\/posts\/35192\/revisions"}],"wp:featuredmedia":[{"embeddable":true,"href":"https:\/\/cdnoticias.com\/index.php\/wp-json\/wp\/v2\/media\/20049"}],"wp:attachment":[{"href":"https:\/\/cdnoticias.com\/index.php\/wp-json\/wp\/v2\/media?parent=35192"}],"wp:term":[{"taxonomy":"category","embeddable":true,"href":"https:\/\/cdnoticias.com\/index.php\/wp-json\/wp\/v2\/categories?post=35192"},{"taxonomy":"post_tag","embeddable":true,"href":"https:\/\/cdnoticias.com\/index.php\/wp-json\/wp\/v2\/tags?post=35192"}],"curies":[{"name":"wp","href":"https:\/\/api.w.org\/{rel}","templated":true}]}}