{"id":3518,"date":"2020-10-09T11:43:54","date_gmt":"2020-10-09T14:43:54","guid":{"rendered":"http:\/\/www.centraldenoticias.com.ar\/?p=3518"},"modified":"2020-10-09T11:54:09","modified_gmt":"2020-10-09T14:54:09","slug":"charla-sobre-la-ley-de-acceso-justo-al-habitat","status":"publish","type":"post","link":"https:\/\/cdnoticias.com\/index.php\/2020\/10\/09\/charla-sobre-la-ley-de-acceso-justo-al-habitat\/","title":{"rendered":"Charla sobre la Ley de Acceso Justo al H\u00e1bitat"},"content":{"rendered":"<p>Se realizar\u00e1 este viernes a las 17.30 en el \u201cacampe\u201d de la Mesa de Emergencia en el Paseo Jes\u00fas Mend\u00eda.<!--more--><\/p>\n<hr \/>\n<p><strong>\u201cEn el acampe, tambi\u00e9n nos formamos sobre la Ley de H\u00e1bitat\u201d<\/strong> anunci\u00f3 la Mesa de Emergencia para adelantar que este viernes a las las 17:30 brindar\u00e1n informaci\u00f3n sobre la Ley 14.449 de la provincia de Buenos Aires.<\/p>\n<p>\u201cLa arquitecta Mar\u00eda Jos\u00e9 Gonz\u00e1lez, compa\u00f1era de la agrupaci\u00f3n 29 de Mayo, llevar\u00e1 adelante una charla sobre la Ley de Acceso Justo al H\u00e1bitat\u201d se detall\u00f3.<\/p>\n<p><img data-recalc-dims=\"1\" loading=\"lazy\" decoding=\"async\" class=\"aligncenter wp-image-3519\" src=\"https:\/\/i0.wp.com\/cdnoticias.com\/wp-content\/uploads\/2020\/10\/mesa-emergencia-212x300.jpeg?resize=450%2C637&#038;ssl=1\" alt=\"\" width=\"450\" height=\"637\" srcset=\"https:\/\/i0.wp.com\/cdnoticias.com\/wp-content\/uploads\/2020\/10\/mesa-emergencia.jpeg?resize=212%2C300&amp;ssl=1 212w, https:\/\/i0.wp.com\/cdnoticias.com\/wp-content\/uploads\/2020\/10\/mesa-emergencia.jpeg?resize=768%2C1087&amp;ssl=1 768w, https:\/\/i0.wp.com\/cdnoticias.com\/wp-content\/uploads\/2020\/10\/mesa-emergencia.jpeg?resize=723%2C1024&amp;ssl=1 723w, https:\/\/i0.wp.com\/cdnoticias.com\/wp-content\/uploads\/2020\/10\/mesa-emergencia.jpeg?w=904&amp;ssl=1 904w\" sizes=\"auto, (max-width: 450px) 100vw, 450px\" \/><\/p>\n<p>Tendr\u00e1 lugar en las carpas instaladas frente al Paseo Jes\u00fas Mend\u00eda donde desde hace ya nueve d\u00edas la Mesa de Emergencia reclama por la \u201cemergencia habitacional existente en el partido de Olavarr\u00eda\u201d.<\/p>\n<p>Consideraron que tener conocimiento sobre esta legislaci\u00f3n \u201c<strong>es necesario para comprender su alcance, sus objetivos, y las herramientas con las que disponemos como sociedad y con las que cuenta el Estado para su ejecuci\u00f3n<\/strong>. Saber, para entender, defendernos y exigir\u201d.<\/p>\n","protected":false},"excerpt":{"rendered":"<p>Se realizar\u00e1 este viernes a las 17.30 en el \u201cacampe\u201d de la Mesa de Emergencia en el Paseo Jes\u00fas Mend\u00eda.<\/p>\n","protected":false},"author":4,"featured_media":3397,"comment_status":"closed","ping_status":"closed","sticky":false,"template":"","format":"standard","meta":{"_jetpack_memberships_contains_paid_content":false,"footnotes":""},"categories":[5,1],"tags":[],"class_list":["post-3518","post","type-post","status-publish","format-standard","has-post-thumbnail","hentry","category-informacion-general","category-portada"],"jetpack_featured_media_url":"https:\/\/i0.wp.com\/cdnoticias.com\/wp-content\/uploads\/2020\/10\/vigiliamesa01.jpg?fit=1152%2C864&ssl=1","jetpack_sharing_enabled":true,"_links":{"self":[{"href":"https:\/\/cdnoticias.com\/index.php\/wp-json\/wp\/v2\/posts\/3518","targetHints":{"allow":["GET"]}}],"collection":[{"href":"https:\/\/cdnoticias.com\/index.php\/wp-json\/wp\/v2\/posts"}],"about":[{"href":"https:\/\/cdnoticias.com\/index.php\/wp-json\/wp\/v2\/types\/post"}],"author":[{"embeddable":true,"href":"https:\/\/cdnoticias.com\/index.php\/wp-json\/wp\/v2\/users\/4"}],"replies":[{"embeddable":true,"href":"https:\/\/cdnoticias.com\/index.php\/wp-json\/wp\/v2\/comments?post=3518"}],"version-history":[{"count":0,"href":"https:\/\/cdnoticias.com\/index.php\/wp-json\/wp\/v2\/posts\/3518\/revisions"}],"wp:featuredmedia":[{"embeddable":true,"href":"https:\/\/cdnoticias.com\/index.php\/wp-json\/wp\/v2\/media\/3397"}],"wp:attachment":[{"href":"https:\/\/cdnoticias.com\/index.php\/wp-json\/wp\/v2\/media?parent=3518"}],"wp:term":[{"taxonomy":"category","embeddable":true,"href":"https:\/\/cdnoticias.com\/index.php\/wp-json\/wp\/v2\/categories?post=3518"},{"taxonomy":"post_tag","embeddable":true,"href":"https:\/\/cdnoticias.com\/index.php\/wp-json\/wp\/v2\/tags?post=3518"}],"curies":[{"name":"wp","href":"https:\/\/api.w.org\/{rel}","templated":true}]}}