{"id":35132,"date":"2021-10-11T14:24:40","date_gmt":"2021-10-11T17:24:40","guid":{"rendered":"http:\/\/www.centraldenoticias.com.ar\/?p=35132"},"modified":"2021-10-11T15:53:04","modified_gmt":"2021-10-11T18:53:04","slug":"el-frente-de-todos-dara-a-conocer-sus-propuestas-de-campana","status":"publish","type":"post","link":"https:\/\/cdnoticias.com\/index.php\/2021\/10\/11\/el-frente-de-todos-dara-a-conocer-sus-propuestas-de-campana\/","title":{"rendered":"El Frente de Todos dar\u00e1 a conocer sus propuestas de campa\u00f1a"},"content":{"rendered":"<p>Ser\u00e1 este martes con un encuentro en el sal\u00f3n del CECO. Estar\u00e1n los candidatos locales del Frente de Todos.<!--more--><\/p>\n<hr \/>\n<p>Con el inicio formal de la campa\u00f1a de cara a las Legislativas 2021, <strong>los candidatos del Frente de Todos protagonizar\u00e1n un encuentro este martes por la tarde<\/strong>.<\/p>\n<p>&nbsp;<\/p>\n<p>Seg\u00fan se adelant\u00f3, en el sal\u00f3n del CECO <strong>presentar\u00e1n \u201clas distintas propuestas de campa\u00f1a en las que est\u00e1n trabajando\u201d<\/strong>.<\/p>\n<p>&nbsp;<\/p>\n<p>En ese sentido se organiz\u00f3 <strong>una conferencia de prensa<\/strong> en la que estar\u00e1n los candidatos y candidatas locales del espacio.<\/p>\n","protected":false},"excerpt":{"rendered":"<p>Ser\u00e1 este martes con un encuentro en el sal\u00f3n del CECO. Estar\u00e1n los candidatos locales del Frente de Todos.<\/p>\n","protected":false},"author":4,"featured_media":29166,"comment_status":"closed","ping_status":"closed","sticky":false,"template":"","format":"standard","meta":{"_jetpack_memberships_contains_paid_content":false,"footnotes":""},"categories":[17,1],"tags":[],"class_list":["post-35132","post","type-post","status-publish","format-standard","has-post-thumbnail","hentry","category-elecciones-2021","category-portada"],"jetpack_featured_media_url":"https:\/\/i0.wp.com\/cdnoticias.com\/wp-content\/uploads\/2021\/08\/todos04.jpg?fit=800%2C445&ssl=1","jetpack_sharing_enabled":true,"_links":{"self":[{"href":"https:\/\/cdnoticias.com\/index.php\/wp-json\/wp\/v2\/posts\/35132","targetHints":{"allow":["GET"]}}],"collection":[{"href":"https:\/\/cdnoticias.com\/index.php\/wp-json\/wp\/v2\/posts"}],"about":[{"href":"https:\/\/cdnoticias.com\/index.php\/wp-json\/wp\/v2\/types\/post"}],"author":[{"embeddable":true,"href":"https:\/\/cdnoticias.com\/index.php\/wp-json\/wp\/v2\/users\/4"}],"replies":[{"embeddable":true,"href":"https:\/\/cdnoticias.com\/index.php\/wp-json\/wp\/v2\/comments?post=35132"}],"version-history":[{"count":0,"href":"https:\/\/cdnoticias.com\/index.php\/wp-json\/wp\/v2\/posts\/35132\/revisions"}],"wp:featuredmedia":[{"embeddable":true,"href":"https:\/\/cdnoticias.com\/index.php\/wp-json\/wp\/v2\/media\/29166"}],"wp:attachment":[{"href":"https:\/\/cdnoticias.com\/index.php\/wp-json\/wp\/v2\/media?parent=35132"}],"wp:term":[{"taxonomy":"category","embeddable":true,"href":"https:\/\/cdnoticias.com\/index.php\/wp-json\/wp\/v2\/categories?post=35132"},{"taxonomy":"post_tag","embeddable":true,"href":"https:\/\/cdnoticias.com\/index.php\/wp-json\/wp\/v2\/tags?post=35132"}],"curies":[{"name":"wp","href":"https:\/\/api.w.org\/{rel}","templated":true}]}}