{"id":35121,"date":"2021-10-11T13:46:59","date_gmt":"2021-10-11T16:46:59","guid":{"rendered":"http:\/\/www.centraldenoticias.com.ar\/?p=35121"},"modified":"2021-10-11T15:42:02","modified_gmt":"2021-10-11T18:42:02","slug":"importante-secuestro-de-marihuana-mas-de-25-kilos-hallados-en-un-auto","status":"publish","type":"post","link":"https:\/\/cdnoticias.com\/index.php\/2021\/10\/11\/importante-secuestro-de-marihuana-mas-de-25-kilos-hallados-en-un-auto\/","title":{"rendered":"Importante secuestro de marihuana: m\u00e1s de 25 kilos hallados en un auto"},"content":{"rendered":"<p>Fue tras una persecuci\u00f3n que se inici\u00f3 en la ruta y termin\u00f3 en Fassina y Cerrito. Dos hombres y una mujer que iban en el auto fueron aprehendidos.<!--more--><\/p>\n<hr \/>\n<p><strong>Una persecuci\u00f3n policial en Olavarr\u00eda por un delito denunciado desde la localidad de Bol\u00edvar deriv\u00f3 en el secuestro de m\u00e1s de 25 kilos de marihuana en panes<\/strong>. Se trata de uno de los secuestros m\u00e1s importantes en el \u00e1mbito local. Las actuaciones penales se iniciaron en el Ministerio P\u00fablico Fiscal de la provincia de Buenos Aires aunque, dado el volumen de droga hallado y su contexto de hallazgo, no se descarta su pase al fuero de la Justicia Federal.<\/p>\n<p>&nbsp;<\/p>\n<p>En el marco del procedimiento<strong> tres personas -dos hombres de 49 y 37 a\u00f1os, y una mujer de 31 a\u00f1os- fueron aprehendidos<\/strong>. Los acusados transportaban la droga en un veh\u00edculo, el cual fue secuestrado en <strong>Fassina y Cerrito<\/strong>.<\/p>\n<p><img data-recalc-dims=\"1\" loading=\"lazy\" decoding=\"async\" class=\"size-full wp-image-35124 aligncenter\" src=\"https:\/\/i0.wp.com\/cdnoticias.com\/wp-content\/uploads\/2021\/10\/allanamiento-fassina-y-cerrito-01.jpg?resize=800%2C444&#038;ssl=1\" alt=\"\" width=\"800\" height=\"444\" srcset=\"https:\/\/i0.wp.com\/cdnoticias.com\/wp-content\/uploads\/2021\/10\/allanamiento-fassina-y-cerrito-01.jpg?w=800&amp;ssl=1 800w, https:\/\/i0.wp.com\/cdnoticias.com\/wp-content\/uploads\/2021\/10\/allanamiento-fassina-y-cerrito-01.jpg?resize=300%2C167&amp;ssl=1 300w, https:\/\/i0.wp.com\/cdnoticias.com\/wp-content\/uploads\/2021\/10\/allanamiento-fassina-y-cerrito-01.jpg?resize=768%2C426&amp;ssl=1 768w\" sizes=\"auto, (max-width: 800px) 100vw, 800px\" \/><\/p>\n<p>Las actuaciones fueron iniciadas por el <strong>Comando de Prevenci\u00f3n Rural (CPRO)<\/strong> y demandaron la intervenci\u00f3n de numerosas dependencias. Se caratularon <strong>\u201cinfracci\u00f3n a la ley 23.737 \u2013 tenencia con fines de comercializaci\u00f3n\u201d<\/strong> y se dio intervenci\u00f3n a la UFI N\u00b0 19 que encabeza el fiscal Lucas Moyano.<\/p>\n<p>&nbsp;<\/p>\n<p>Los hechos se dieron en la ma\u00f1ana de este lunes en Olavarr\u00eda: <strong>la persecuci\u00f3n inici\u00f3 en la ruta 226<\/strong> y termin\u00f3 en el cruce ya mencionado.<\/p>\n<p><img data-recalc-dims=\"1\" loading=\"lazy\" decoding=\"async\" class=\"size-full wp-image-35125 aligncenter\" src=\"https:\/\/i0.wp.com\/cdnoticias.com\/wp-content\/uploads\/2021\/10\/allanamiento-fassina-y-cerrito-02.jpg?resize=800%2C445&#038;ssl=1\" alt=\"\" width=\"800\" height=\"445\" srcset=\"https:\/\/i0.wp.com\/cdnoticias.com\/wp-content\/uploads\/2021\/10\/allanamiento-fassina-y-cerrito-02.jpg?w=800&amp;ssl=1 800w, https:\/\/i0.wp.com\/cdnoticias.com\/wp-content\/uploads\/2021\/10\/allanamiento-fassina-y-cerrito-02.jpg?resize=300%2C167&amp;ssl=1 300w, https:\/\/i0.wp.com\/cdnoticias.com\/wp-content\/uploads\/2021\/10\/allanamiento-fassina-y-cerrito-02.jpg?resize=768%2C427&amp;ssl=1 768w\" sizes=\"auto, (max-width: 800px) 100vw, 800px\" \/><\/p>\n<p>Seg\u00fan se inform\u00f3 de manera oficial, el Centro Despacho Emergencias de Olavarr\u00eda recibi\u00f3 un llamado que expuso que <strong>se hab\u00eda intentado cometer un robo en Bol\u00edvar<\/strong> y los sospechosos huyeron en un Chevrolet Astra en direcci\u00f3n a Olavarr\u00eda.<\/p>\n<p>&nbsp;<\/p>\n<p>El m\u00f3vil del CPR que patrullaba por ruta 226 a la altura del kil\u00f3metro 308, en cercan\u00edas de la Virgen de la Loma, <strong>observ\u00f3 un veh\u00edculo que respond\u00eda a la descripci\u00f3n.<\/strong> Los efectivos policiales intentaron detener la marcha del Astra, pero el veh\u00edculo sigui\u00f3 su marcha hacia nuestra ciudad.<\/p>\n<p><img data-recalc-dims=\"1\" loading=\"lazy\" decoding=\"async\" class=\"size-full wp-image-35127 aligncenter\" src=\"https:\/\/i0.wp.com\/cdnoticias.com\/wp-content\/uploads\/2021\/10\/allanamiento-fassina-y-cerrito-04.jpg?resize=800%2C383&#038;ssl=1\" alt=\"\" width=\"800\" height=\"383\" srcset=\"https:\/\/i0.wp.com\/cdnoticias.com\/wp-content\/uploads\/2021\/10\/allanamiento-fassina-y-cerrito-04.jpg?w=800&amp;ssl=1 800w, https:\/\/i0.wp.com\/cdnoticias.com\/wp-content\/uploads\/2021\/10\/allanamiento-fassina-y-cerrito-04.jpg?resize=300%2C144&amp;ssl=1 300w, https:\/\/i0.wp.com\/cdnoticias.com\/wp-content\/uploads\/2021\/10\/allanamiento-fassina-y-cerrito-04.jpg?resize=768%2C368&amp;ssl=1 768w\" sizes=\"auto, (max-width: 800px) 100vw, 800px\" \/><\/p>\n<p>As\u00ed comenz\u00f3 <strong>una persecuci\u00f3n que termin\u00f3 en Fassina y Cerrito<\/strong>. All\u00ed se detuvo la marcha del rodado y sus tres ocupantes fueron reducidos por efectivos policiales. En ese punto se present\u00f3 tambi\u00e9n <strong>personal de Drogas Il\u00edcitas de Olavarr\u00eda<\/strong>, dependencia que llevaba adelante una investigaci\u00f3n contra uno de los aprehendidos este lunes.<\/p>\n<p>&nbsp;<\/p>\n<blockquote><p>Se hizo una \u201crequisa de urgencia\u201d del auto donde se hallaron 28 panes de cannabis sativa cuyo peso estimado arroj\u00f3 25,378 kilos. Tambi\u00e9n se encontr\u00f3 31.700 pesos en efectivo.<\/p><\/blockquote>\n<p>&nbsp;<\/p>\n<p><img data-recalc-dims=\"1\" loading=\"lazy\" decoding=\"async\" class=\"alignnone size-full wp-image-35130\" src=\"https:\/\/i0.wp.com\/cdnoticias.com\/wp-content\/uploads\/2021\/10\/allanamiento-fassina-y-cerrito-07.jpg?resize=800%2C450&#038;ssl=1\" alt=\"\" width=\"800\" height=\"450\" srcset=\"https:\/\/i0.wp.com\/cdnoticias.com\/wp-content\/uploads\/2021\/10\/allanamiento-fassina-y-cerrito-07.jpg?w=800&amp;ssl=1 800w, https:\/\/i0.wp.com\/cdnoticias.com\/wp-content\/uploads\/2021\/10\/allanamiento-fassina-y-cerrito-07.jpg?resize=300%2C169&amp;ssl=1 300w, https:\/\/i0.wp.com\/cdnoticias.com\/wp-content\/uploads\/2021\/10\/allanamiento-fassina-y-cerrito-07.jpg?resize=768%2C432&amp;ssl=1 768w\" sizes=\"auto, (max-width: 800px) 100vw, 800px\" \/><\/p>\n<p>&nbsp;<\/p>\n<p><strong>Los tres ocupantes del auto fueron aprehendidos<\/strong> y, en paralelo, se efectu\u00f3 un <strong>allanamiento en el domicilio al que hab\u00eda arribado el auto<\/strong>. Seg\u00fan se pudo saber, durante la tarde de este lunes los aprehendidos ser\u00e1n indagados en la Fiscal\u00eda.<\/p>\n<p>&nbsp;<\/p>\n<p>En el lugar se present\u00f3 el comisario Andr\u00e9s Dores, subcoordinador de Seguridad Rural Olavarria; comisario Jos\u00e9 Norberto Amezaga, jefe del CPR; comisario Martin Zapata; el fiscal Lucas Moyano junto al ayudante Jos\u00e9 Iturralde y la doctora Gabriela Barragan de la UFI 19, y la fiscal Paula Serrano de la UFI 4.<\/p>\n<p><img data-recalc-dims=\"1\" loading=\"lazy\" decoding=\"async\" class=\"size-full wp-image-35129 aligncenter\" src=\"https:\/\/i0.wp.com\/cdnoticias.com\/wp-content\/uploads\/2021\/10\/allanamiento-fassina-y-cerrito-06.jpg?resize=800%2C376&#038;ssl=1\" alt=\"\" width=\"800\" height=\"376\" srcset=\"https:\/\/i0.wp.com\/cdnoticias.com\/wp-content\/uploads\/2021\/10\/allanamiento-fassina-y-cerrito-06.jpg?w=800&amp;ssl=1 800w, https:\/\/i0.wp.com\/cdnoticias.com\/wp-content\/uploads\/2021\/10\/allanamiento-fassina-y-cerrito-06.jpg?resize=300%2C141&amp;ssl=1 300w, https:\/\/i0.wp.com\/cdnoticias.com\/wp-content\/uploads\/2021\/10\/allanamiento-fassina-y-cerrito-06.jpg?resize=768%2C361&amp;ssl=1 768w\" sizes=\"auto, (max-width: 800px) 100vw, 800px\" \/><\/p>\n<p><img data-recalc-dims=\"1\" loading=\"lazy\" decoding=\"async\" class=\"alignnone size-full wp-image-35128\" src=\"https:\/\/i0.wp.com\/cdnoticias.com\/wp-content\/uploads\/2021\/10\/allanamiento-fassina-y-cerrito-05.jpg?resize=800%2C385&#038;ssl=1\" alt=\"\" width=\"800\" height=\"385\" srcset=\"https:\/\/i0.wp.com\/cdnoticias.com\/wp-content\/uploads\/2021\/10\/allanamiento-fassina-y-cerrito-05.jpg?w=800&amp;ssl=1 800w, https:\/\/i0.wp.com\/cdnoticias.com\/wp-content\/uploads\/2021\/10\/allanamiento-fassina-y-cerrito-05.jpg?resize=300%2C144&amp;ssl=1 300w, https:\/\/i0.wp.com\/cdnoticias.com\/wp-content\/uploads\/2021\/10\/allanamiento-fassina-y-cerrito-05.jpg?resize=768%2C370&amp;ssl=1 768w\" sizes=\"auto, (max-width: 800px) 100vw, 800px\" \/><\/p>\n<p><img data-recalc-dims=\"1\" loading=\"lazy\" decoding=\"async\" class=\"alignnone size-full wp-image-35126\" src=\"https:\/\/i0.wp.com\/cdnoticias.com\/wp-content\/uploads\/2021\/10\/allanamiento-fassina-y-cerrito-03.jpg?resize=800%2C445&#038;ssl=1\" alt=\"\" width=\"800\" height=\"445\" srcset=\"https:\/\/i0.wp.com\/cdnoticias.com\/wp-content\/uploads\/2021\/10\/allanamiento-fassina-y-cerrito-03.jpg?w=800&amp;ssl=1 800w, https:\/\/i0.wp.com\/cdnoticias.com\/wp-content\/uploads\/2021\/10\/allanamiento-fassina-y-cerrito-03.jpg?resize=300%2C167&amp;ssl=1 300w, https:\/\/i0.wp.com\/cdnoticias.com\/wp-content\/uploads\/2021\/10\/allanamiento-fassina-y-cerrito-03.jpg?resize=768%2C427&amp;ssl=1 768w\" sizes=\"auto, (max-width: 800px) 100vw, 800px\" \/><\/p>\n","protected":false},"excerpt":{"rendered":"<p>Fue tras una persecuci\u00f3n que se inici\u00f3 en la ruta y termin\u00f3 en Fassina y Cerrito. Dos hombres y una<\/p>\n","protected":false},"author":4,"featured_media":35123,"comment_status":"closed","ping_status":"closed","sticky":false,"template":"","format":"standard","meta":{"_jetpack_memberships_contains_paid_content":false,"footnotes":""},"categories":[14,1],"tags":[],"class_list":["post-35121","post","type-post","status-publish","format-standard","has-post-thumbnail","hentry","category-policiales","category-portada"],"jetpack_featured_media_url":"https:\/\/i0.wp.com\/cdnoticias.com\/wp-content\/uploads\/2021\/10\/allanamiento-fassina-y-cerrito-00.jpg?fit=800%2C445&ssl=1","jetpack_sharing_enabled":true,"_links":{"self":[{"href":"https:\/\/cdnoticias.com\/index.php\/wp-json\/wp\/v2\/posts\/35121","targetHints":{"allow":["GET"]}}],"collection":[{"href":"https:\/\/cdnoticias.com\/index.php\/wp-json\/wp\/v2\/posts"}],"about":[{"href":"https:\/\/cdnoticias.com\/index.php\/wp-json\/wp\/v2\/types\/post"}],"author":[{"embeddable":true,"href":"https:\/\/cdnoticias.com\/index.php\/wp-json\/wp\/v2\/users\/4"}],"replies":[{"embeddable":true,"href":"https:\/\/cdnoticias.com\/index.php\/wp-json\/wp\/v2\/comments?post=35121"}],"version-history":[{"count":0,"href":"https:\/\/cdnoticias.com\/index.php\/wp-json\/wp\/v2\/posts\/35121\/revisions"}],"wp:featuredmedia":[{"embeddable":true,"href":"https:\/\/cdnoticias.com\/index.php\/wp-json\/wp\/v2\/media\/35123"}],"wp:attachment":[{"href":"https:\/\/cdnoticias.com\/index.php\/wp-json\/wp\/v2\/media?parent=35121"}],"wp:term":[{"taxonomy":"category","embeddable":true,"href":"https:\/\/cdnoticias.com\/index.php\/wp-json\/wp\/v2\/categories?post=35121"},{"taxonomy":"post_tag","embeddable":true,"href":"https:\/\/cdnoticias.com\/index.php\/wp-json\/wp\/v2\/tags?post=35121"}],"curies":[{"name":"wp","href":"https:\/\/api.w.org\/{rel}","templated":true}]}}