{"id":35114,"date":"2021-10-11T11:45:09","date_gmt":"2021-10-11T14:45:09","guid":{"rendered":"http:\/\/www.centraldenoticias.com.ar\/?p=35114"},"modified":"2021-10-11T11:45:09","modified_gmt":"2021-10-11T14:45:09","slug":"piscitelli-y-alonso-presentan-su-libro-para-analizar-la-cultura-contemporanea","status":"publish","type":"post","link":"https:\/\/cdnoticias.com\/index.php\/2021\/10\/11\/piscitelli-y-alonso-presentan-su-libro-para-analizar-la-cultura-contemporanea\/","title":{"rendered":"Piscitelli y Alonso presentan su libro para analizar la cultura contempor\u00e1nea"},"content":{"rendered":"<p>\u201cInnovaci\u00f3n y barbarie. Verbos para entender la complejidad\u201d es el t\u00edtulo de la obra. La actividad es organizada por la Facultad de Ciencias Sociales y Punto Digital. Inscripci\u00f3n abierta.<!--more--><\/p>\n<hr \/>\n<p><strong>El Mag. Alejandro Piscitelli y el Lic. Julio Alonso presentar\u00e1n el libro \u201cInnovaci\u00f3n y barbarie. Verbos para entender la complejidad\u201d<\/strong>. La actividad es organizada por la Facultad de Ciencias Sociales y Punto Digital.<\/p>\n<p>&nbsp;<\/p>\n<p>La obra propone<strong> un di\u00e1logo intertextual con el libro \u201cFacundo o Civilizaci\u00f3n y barbarie en las pampas argentinas\u201d de Domingo Faustino Sarmiento<\/strong>, desde donde se establece un an\u00e1lisis profundo de la cultura contempor\u00e1nea a partir de cuatro verbos:<strong> innovar, (in)formar, dise\u00f1ar, (el buen) trabajar<\/strong>, con el objetivo de entender la complejidad de este momento impregnado por lo digital.<\/p>\n<p><img data-recalc-dims=\"1\" loading=\"lazy\" decoding=\"async\" class=\"size-full wp-image-35117 aligncenter\" src=\"https:\/\/i0.wp.com\/cdnoticias.com\/wp-content\/uploads\/2021\/10\/facso-Libro-Piscitelli00.jpg?resize=500%2C501&#038;ssl=1\" alt=\"\" width=\"500\" height=\"501\" srcset=\"https:\/\/i0.wp.com\/cdnoticias.com\/wp-content\/uploads\/2021\/10\/facso-Libro-Piscitelli00.jpg?w=500&amp;ssl=1 500w, https:\/\/i0.wp.com\/cdnoticias.com\/wp-content\/uploads\/2021\/10\/facso-Libro-Piscitelli00.jpg?resize=150%2C150&amp;ssl=1 150w, https:\/\/i0.wp.com\/cdnoticias.com\/wp-content\/uploads\/2021\/10\/facso-Libro-Piscitelli00.jpg?resize=300%2C300&amp;ssl=1 300w\" sizes=\"auto, (max-width: 500px) 100vw, 500px\" \/><\/p>\n<p>La presentaci\u00f3n se realizar\u00e1 <strong>a trav\u00e9s de la plataforma Meet el d\u00eda martes 19 de octubre<\/strong> a partir de las 18.30. Los interesados deben inscribirse <a href=\"https:\/\/docs.google.com\/forms\/d\/e\/1FAIpQLSf_Sd4B4Y76zd9lLBvp0Wz_YgHVr3rTDLetVPiGNvpWck3u8g\/viewform\" target=\"_blank\" rel=\"noopener\">a trav\u00e9s del formulario disponible aqu\u00ed<\/a>.<\/p>\n<p>&nbsp;<\/p>\n<p><strong>Alejandro Piscitelli<\/strong> es licenciado en Filosof\u00eda por la Universidad de Buenos Aires y Mag\u00edster en Systems Science por la Universidad de Louisville. Es conferencista internacional, docente e investigador y se ha dedicado a estudiar en profundidad la cultura contempor\u00e1nea, el impacto de las tecnolog\u00edas y la educaci\u00f3n, entre otros temas.<\/p>\n<p>&nbsp;<\/p>\n<p><img data-recalc-dims=\"1\" loading=\"lazy\" decoding=\"async\" class=\"size-full wp-image-35118 aligncenter\" src=\"https:\/\/i0.wp.com\/cdnoticias.com\/wp-content\/uploads\/2021\/10\/facso-piscitelli-00.jpg?resize=500%2C500&#038;ssl=1\" alt=\"\" width=\"500\" height=\"500\" srcset=\"https:\/\/i0.wp.com\/cdnoticias.com\/wp-content\/uploads\/2021\/10\/facso-piscitelli-00.jpg?w=500&amp;ssl=1 500w, https:\/\/i0.wp.com\/cdnoticias.com\/wp-content\/uploads\/2021\/10\/facso-piscitelli-00.jpg?resize=150%2C150&amp;ssl=1 150w, https:\/\/i0.wp.com\/cdnoticias.com\/wp-content\/uploads\/2021\/10\/facso-piscitelli-00.jpg?resize=300%2C300&amp;ssl=1 300w\" sizes=\"auto, (max-width: 500px) 100vw, 500px\" \/><\/p>\n<p>&nbsp;<\/p>\n<p><strong>Julio Alonso<\/strong> es Licenciado en Comunicaci\u00f3n por la Universidad de Buenos Aires y docente universitario e investigador en Educaci\u00f3n Tecnol\u00f3gica y Tecnolog\u00edas de la Comunicaci\u00f3n.<\/p>\n<p>&nbsp;<\/p>\n<p>La presentaci\u00f3n es organizada por el <strong>Observatorio de Redes Sociales<\/strong> y las c\u00e1tedras <strong>Usos Sociales de las Tecnolog\u00edas<\/strong> y <strong>Periodismo Digital<\/strong> de la Facultad de Ciencias Sociales (UNICEN) y <strong>Punto Digital de la Municipalidad de Olavarr\u00eda<\/strong>.<\/p>\n<p>&nbsp;<\/p>\n<p><img data-recalc-dims=\"1\" loading=\"lazy\" decoding=\"async\" class=\"size-full wp-image-35116 aligncenter\" src=\"https:\/\/i0.wp.com\/cdnoticias.com\/wp-content\/uploads\/2021\/10\/facso-julioalonso-01.jpg?resize=500%2C667&#038;ssl=1\" alt=\"\" width=\"500\" height=\"667\" srcset=\"https:\/\/i0.wp.com\/cdnoticias.com\/wp-content\/uploads\/2021\/10\/facso-julioalonso-01.jpg?w=500&amp;ssl=1 500w, https:\/\/i0.wp.com\/cdnoticias.com\/wp-content\/uploads\/2021\/10\/facso-julioalonso-01.jpg?resize=225%2C300&amp;ssl=1 225w\" sizes=\"auto, (max-width: 500px) 100vw, 500px\" \/><\/p>\n<p>&nbsp;<\/p>\n<p>Moderar\u00e1n la actividad el <em>Mag. Sergio Magallanes y el Lic. Maximiliano Peret<\/em> (FACSO-UNICEN).<\/p>\n<p>&nbsp;<\/p>\n<p>La actividad es<strong> gratuita<\/strong> y est\u00e1 destinada a docentes y estudiantes de todos los niveles, profesionales miembros de equipos de trabajo social y socioeducativo, miembros de organizaciones gubernamentales y p\u00fablico en general interesado en el tema.<\/p>\n","protected":false},"excerpt":{"rendered":"<p>\u201cInnovaci\u00f3n y barbarie. Verbos para entender la complejidad\u201d es el t\u00edtulo de la obra. La actividad es organizada por la<\/p>\n","protected":false},"author":4,"featured_media":35119,"comment_status":"closed","ping_status":"closed","sticky":false,"template":"","format":"standard","meta":{"_jetpack_memberships_contains_paid_content":false,"footnotes":""},"categories":[9,1],"tags":[],"class_list":["post-35114","post","type-post","status-publish","format-standard","has-post-thumbnail","hentry","category-cultura","category-portada"],"jetpack_featured_media_url":"https:\/\/i0.wp.com\/cdnoticias.com\/wp-content\/uploads\/2021\/10\/facso-julioalonso-00.jpg?fit=600%2C335&ssl=1","jetpack_sharing_enabled":true,"_links":{"self":[{"href":"https:\/\/cdnoticias.com\/index.php\/wp-json\/wp\/v2\/posts\/35114","targetHints":{"allow":["GET"]}}],"collection":[{"href":"https:\/\/cdnoticias.com\/index.php\/wp-json\/wp\/v2\/posts"}],"about":[{"href":"https:\/\/cdnoticias.com\/index.php\/wp-json\/wp\/v2\/types\/post"}],"author":[{"embeddable":true,"href":"https:\/\/cdnoticias.com\/index.php\/wp-json\/wp\/v2\/users\/4"}],"replies":[{"embeddable":true,"href":"https:\/\/cdnoticias.com\/index.php\/wp-json\/wp\/v2\/comments?post=35114"}],"version-history":[{"count":0,"href":"https:\/\/cdnoticias.com\/index.php\/wp-json\/wp\/v2\/posts\/35114\/revisions"}],"wp:featuredmedia":[{"embeddable":true,"href":"https:\/\/cdnoticias.com\/index.php\/wp-json\/wp\/v2\/media\/35119"}],"wp:attachment":[{"href":"https:\/\/cdnoticias.com\/index.php\/wp-json\/wp\/v2\/media?parent=35114"}],"wp:term":[{"taxonomy":"category","embeddable":true,"href":"https:\/\/cdnoticias.com\/index.php\/wp-json\/wp\/v2\/categories?post=35114"},{"taxonomy":"post_tag","embeddable":true,"href":"https:\/\/cdnoticias.com\/index.php\/wp-json\/wp\/v2\/tags?post=35114"}],"curies":[{"name":"wp","href":"https:\/\/api.w.org\/{rel}","templated":true}]}}