{"id":35106,"date":"2021-10-11T10:24:10","date_gmt":"2021-10-11T13:24:10","guid":{"rendered":"http:\/\/www.centraldenoticias.com.ar\/?p=35106"},"modified":"2021-10-11T13:47:24","modified_gmt":"2021-10-11T16:47:24","slug":"se-creo-la-subcomision-de-loma-negra-en-bomberos","status":"publish","type":"post","link":"https:\/\/cdnoticias.com\/index.php\/2021\/10\/11\/se-creo-la-subcomision-de-loma-negra-en-bomberos\/","title":{"rendered":"Se cre\u00f3 la subcomisi\u00f3n de Loma Negra en Bomberos"},"content":{"rendered":"<p>Los coordinadores son Jos\u00e9 Mar\u00eda Rosetti y Susana Lindner. \u201cTendr\u00e1 la funci\u00f3n de acompa\u00f1ar y generar un v\u00ednculo m\u00e1s directo con los vecinos\u201d se indic\u00f3.<!--more--><\/p>\n<hr \/>\n<p><strong>El viernes se cre\u00f3 la nueva subcomisi\u00f3n de apoyo a los Bomberos Voluntarios de Loma Negra<\/strong>.<\/p>\n<p>&nbsp;<\/p>\n<p>Sus integrantes son <strong>Jos\u00e9 Mar\u00eda Rosetti y Susana Lindner<\/strong>, miembros de la Comisi\u00f3n de ABVO y quienes adem\u00e1s ser\u00e1n los coordinadores. Se sumaron <strong>Gabriela Ben\u00edtez, Lidia Liotta, Elsa Pallero, Mari Ramos y Lucia Aravena.<\/strong><\/p>\n<p>&nbsp;<\/p>\n<blockquote><p>\u201cLa flamante subcomisi\u00f3n funcionar\u00e1 en el Destacamento de la localidad y tendr\u00e1 la funci\u00f3n de acompa\u00f1ar y generar un v\u00ednculo m\u00e1s directo con los vecinos de Loma Negra y adem\u00e1s visitar\u00e1n a otras instituciones para realizar alg\u00fan evento en com\u00fan\u201d se indic\u00f3 desde la entidad.<\/p><\/blockquote>\n<p>&nbsp;<\/p>\n<p>Asimismo, se expuso que \u201c<strong>se enfocar\u00e1n en la parte de prevenci\u00f3n<\/strong> donde se ir\u00e1n generando charlas y encuentros con distintos profesionales, comercios, empresas e industrias\u201d.<\/p>\n<p>&nbsp;<\/p>\n<p>La reuni\u00f3n de la conformaci\u00f3n se llev\u00f3 a cabo en el Cuartel Central donde<strong> fueron recibidos por el presidente Hugo Fayan\u00e1s<\/strong>, el vicepresidente Jos\u00e9 Luis Veyrand, el secretario general Osvaldo Castrovinci y los consejeros Daniel Bettiga y Enrique Zelaya.<\/p>\n<p>&nbsp;<\/p>\n<p>Los nuevos integrantes recorrieron el cuartel, donde la bombera Mar\u00eda Bevacqua fue la gu\u00eda.<\/p>\n","protected":false},"excerpt":{"rendered":"<p>Los coordinadores son Jos\u00e9 Mar\u00eda Rosetti y Susana Lindner. \u201cTendr\u00e1 la funci\u00f3n de acompa\u00f1ar y generar un v\u00ednculo m\u00e1s directo<\/p>\n","protected":false},"author":4,"featured_media":35107,"comment_status":"closed","ping_status":"closed","sticky":false,"template":"","format":"standard","meta":{"_jetpack_memberships_contains_paid_content":false,"footnotes":""},"categories":[5,1],"tags":[],"class_list":["post-35106","post","type-post","status-publish","format-standard","has-post-thumbnail","hentry","category-informacion-general","category-portada"],"jetpack_featured_media_url":"https:\/\/i0.wp.com\/cdnoticias.com\/wp-content\/uploads\/2021\/10\/bomberos-subcomision-loma-negra-00.jpg?fit=700%2C389&ssl=1","jetpack_sharing_enabled":true,"_links":{"self":[{"href":"https:\/\/cdnoticias.com\/index.php\/wp-json\/wp\/v2\/posts\/35106","targetHints":{"allow":["GET"]}}],"collection":[{"href":"https:\/\/cdnoticias.com\/index.php\/wp-json\/wp\/v2\/posts"}],"about":[{"href":"https:\/\/cdnoticias.com\/index.php\/wp-json\/wp\/v2\/types\/post"}],"author":[{"embeddable":true,"href":"https:\/\/cdnoticias.com\/index.php\/wp-json\/wp\/v2\/users\/4"}],"replies":[{"embeddable":true,"href":"https:\/\/cdnoticias.com\/index.php\/wp-json\/wp\/v2\/comments?post=35106"}],"version-history":[{"count":0,"href":"https:\/\/cdnoticias.com\/index.php\/wp-json\/wp\/v2\/posts\/35106\/revisions"}],"wp:featuredmedia":[{"embeddable":true,"href":"https:\/\/cdnoticias.com\/index.php\/wp-json\/wp\/v2\/media\/35107"}],"wp:attachment":[{"href":"https:\/\/cdnoticias.com\/index.php\/wp-json\/wp\/v2\/media?parent=35106"}],"wp:term":[{"taxonomy":"category","embeddable":true,"href":"https:\/\/cdnoticias.com\/index.php\/wp-json\/wp\/v2\/categories?post=35106"},{"taxonomy":"post_tag","embeddable":true,"href":"https:\/\/cdnoticias.com\/index.php\/wp-json\/wp\/v2\/tags?post=35106"}],"curies":[{"name":"wp","href":"https:\/\/api.w.org\/{rel}","templated":true}]}}