{"id":35104,"date":"2021-10-11T10:08:24","date_gmt":"2021-10-11T13:08:24","guid":{"rendered":"http:\/\/www.centraldenoticias.com.ar\/?p=35104"},"modified":"2021-10-11T10:24:51","modified_gmt":"2021-10-11T13:24:51","slug":"el-intendente-inaugurara-la-repavimentacion-de-avenida-alberdi","status":"publish","type":"post","link":"https:\/\/cdnoticias.com\/index.php\/2021\/10\/11\/el-intendente-inaugurara-la-repavimentacion-de-avenida-alberdi\/","title":{"rendered":"El intendente inaugurar\u00e1 la repavimentaci\u00f3n de avenida Alberdi"},"content":{"rendered":"<p>Ser\u00e1 en un acto este lunes a las 12. Las obras hab\u00edan comenzado a mediados de julio. El tramo finalizado es entre Col\u00f3n y Sarmiento.<\/p>\n<p><!--more--><\/p>\n<hr \/>\n<p>Este lunes a las 12 horas <strong>el intendente Ezequiel Galli encabezar\u00e1 el acto de inauguraci\u00f3n de la obra de repavimentacion de la avenida Alberdi<\/strong>.<\/p>\n<p>&nbsp;<\/p>\n<p>El acto tendr\u00e1 lugar en<strong> la intersecci\u00f3n de Alberdi y Jos\u00e9 Luis Torres.<\/strong><\/p>\n<p>&nbsp;<\/p>\n<p><a href=\"https:\/\/cdnoticias.com\/index.php\/2021\/08\/17\/el-intendente-galli-recorrio-la-obra-de-repavimentacion-de-avenida-alberdi\/\" target=\"_blank\" rel=\"noopener\">Tal como se hab\u00eda informado<\/a>, la repavimentaci\u00f3n <strong>comprende un total de doce cuadras<\/strong> y se dividi\u00f3 en dos etapas: la primera abarc\u00f3 el tramo que va desde Sarmiento hasta Col\u00f3n y es la que ser\u00e1 inaugurada.<\/p>\n<p>&nbsp;<\/p>\n<p>La segunda, desde Col\u00f3n hasta calle San Mart\u00edn, a\u00fan permanece en ejecuci\u00f3n.<\/p>\n<p>&nbsp;<\/p>\n<p><img data-recalc-dims=\"1\" loading=\"lazy\" decoding=\"async\" class=\"size-large wp-image-29894 aligncenter\" src=\"https:\/\/i0.wp.com\/cdnoticias.com\/wp-content\/uploads\/2021\/08\/Obras-Repavimentacion-Av.-Alberdi-1-scaled.jpg?resize=800%2C534&#038;ssl=1\" alt=\"\" width=\"800\" height=\"534\" srcset=\"https:\/\/i0.wp.com\/cdnoticias.com\/wp-content\/uploads\/2021\/08\/Obras-Repavimentacion-Av.-Alberdi-1-scaled.jpg?resize=1024%2C684&amp;ssl=1 1024w, https:\/\/i0.wp.com\/cdnoticias.com\/wp-content\/uploads\/2021\/08\/Obras-Repavimentacion-Av.-Alberdi-1-scaled.jpg?resize=300%2C201&amp;ssl=1 300w, https:\/\/i0.wp.com\/cdnoticias.com\/wp-content\/uploads\/2021\/08\/Obras-Repavimentacion-Av.-Alberdi-1-scaled.jpg?resize=768%2C513&amp;ssl=1 768w, https:\/\/i0.wp.com\/cdnoticias.com\/wp-content\/uploads\/2021\/08\/Obras-Repavimentacion-Av.-Alberdi-1-scaled.jpg?resize=272%2C182&amp;ssl=1 272w, https:\/\/i0.wp.com\/cdnoticias.com\/wp-content\/uploads\/2021\/08\/Obras-Repavimentacion-Av.-Alberdi-1-scaled.jpg?w=1600&amp;ssl=1 1600w, https:\/\/i0.wp.com\/cdnoticias.com\/wp-content\/uploads\/2021\/08\/Obras-Repavimentacion-Av.-Alberdi-1-scaled.jpg?w=2400&amp;ssl=1 2400w\" sizes=\"auto, (max-width: 800px) 100vw, 800px\" \/><\/p>\n<p>&nbsp;<\/p>\n<p>La <strong>inversi\u00f3n total es cercana a los 60 millones de pesos<\/strong> aportados a trav\u00e9s del Fondo de Infraestructura Municipal 2021.<\/p>\n<p>&nbsp;<\/p>\n<blockquote><p>\u201cLa obra permitir\u00e1 reordenar el tr\u00e1nsito y brindar mejores condiciones de seguridad vial y principalmente mejorar la calidad de vida de los vecinos que viven all\u00ed\u201d se inform\u00f3 desde la Municipalidad.<\/p><\/blockquote>\n<p>&nbsp;<\/p>\n<p><a href=\"https:\/\/cdnoticias.com\/index.php\/2021\/07\/15\/comenzaron-las-obras-previas-a-la-repavimentacion-de-alberdi\/\" target=\"_blank\" rel=\"noopener\">Las obras hab\u00edan comenzado a mediados de julio<\/a> en el tramo de Col\u00f3n a Sarmiento de la avenida Alberdi, <strong>estuvieron a cargo de la empresa \u201cBurgart N\u00e9stor Miguel\u201d<\/strong> que hab\u00eda cotizado por 28 millones de pesos.<\/p>\n","protected":false},"excerpt":{"rendered":"<p>Ser\u00e1 en un acto este lunes a las 12. Las obras hab\u00edan comenzado a mediados de julio. El tramo finalizado<\/p>\n","protected":false},"author":4,"featured_media":26609,"comment_status":"closed","ping_status":"closed","sticky":false,"template":"","format":"standard","meta":{"_jetpack_memberships_contains_paid_content":false,"footnotes":""},"categories":[5,1],"tags":[],"class_list":["post-35104","post","type-post","status-publish","format-standard","has-post-thumbnail","hentry","category-informacion-general","category-portada"],"jetpack_featured_media_url":"https:\/\/i0.wp.com\/cdnoticias.com\/wp-content\/uploads\/2021\/07\/alberdi-repavimentacion-desag%C3%BCes03.jpg?fit=800%2C445&ssl=1","jetpack_sharing_enabled":true,"_links":{"self":[{"href":"https:\/\/cdnoticias.com\/index.php\/wp-json\/wp\/v2\/posts\/35104","targetHints":{"allow":["GET"]}}],"collection":[{"href":"https:\/\/cdnoticias.com\/index.php\/wp-json\/wp\/v2\/posts"}],"about":[{"href":"https:\/\/cdnoticias.com\/index.php\/wp-json\/wp\/v2\/types\/post"}],"author":[{"embeddable":true,"href":"https:\/\/cdnoticias.com\/index.php\/wp-json\/wp\/v2\/users\/4"}],"replies":[{"embeddable":true,"href":"https:\/\/cdnoticias.com\/index.php\/wp-json\/wp\/v2\/comments?post=35104"}],"version-history":[{"count":0,"href":"https:\/\/cdnoticias.com\/index.php\/wp-json\/wp\/v2\/posts\/35104\/revisions"}],"wp:featuredmedia":[{"embeddable":true,"href":"https:\/\/cdnoticias.com\/index.php\/wp-json\/wp\/v2\/media\/26609"}],"wp:attachment":[{"href":"https:\/\/cdnoticias.com\/index.php\/wp-json\/wp\/v2\/media?parent=35104"}],"wp:term":[{"taxonomy":"category","embeddable":true,"href":"https:\/\/cdnoticias.com\/index.php\/wp-json\/wp\/v2\/categories?post=35104"},{"taxonomy":"post_tag","embeddable":true,"href":"https:\/\/cdnoticias.com\/index.php\/wp-json\/wp\/v2\/tags?post=35104"}],"curies":[{"name":"wp","href":"https:\/\/api.w.org\/{rel}","templated":true}]}}