{"id":3508,"date":"2020-10-09T09:57:57","date_gmt":"2020-10-09T12:57:57","guid":{"rendered":"http:\/\/www.centraldenoticias.com.ar\/?p=3508"},"modified":"2020-10-09T11:20:24","modified_gmt":"2020-10-09T14:20:24","slug":"ya-funciona-a-pleno-el-parque-eolico-los-teros","status":"publish","type":"post","link":"https:\/\/cdnoticias.com\/index.php\/2020\/10\/09\/ya-funciona-a-pleno-el-parque-eolico-los-teros\/","title":{"rendered":"Ya funciona a pleno el parque e\u00f3lico Los Teros"},"content":{"rendered":"<p>Desde la semana pasada est\u00e1n en marcha los 32 aerogeneradores que aportan energ\u00eda el\u00e9ctrica a la red desde el vecino distrito de Azul. Los Teros contribuir\u00e1 al Sistema Argentino de Interconexi\u00f3n con alrededor de 550.000MW\/h por a\u00f1o.<!--more--><\/p>\n<hr \/>\n<p><strong>El parque e\u00f3lico Los Teros, en Azul, se puso en marcha al 100% de su capacidad.<\/strong> Desde la semana pasada funcionan los 32 molinos instalados, y la proyecci\u00f3n es llegar a un total de 45.<\/p>\n<p>El parque pertenece a la empresa YPF Luz. El jefe de operaciones, Domingo Rasposo, se\u00f1al\u00f3 este jueves que \u201cgracias al esfuerzo de todo el equipo de trabajo <strong>logramos poner en funcionamiento los 32 aerogeneradores hace una semana\u201d<\/strong>. Hab\u00edan conseguido poner en pie la totalidad de los molinos en junio pasado.<\/p>\n<p>Agreg\u00f3 que se viene una segunda etapa: <strong>\u201cesto contin\u00faa con la operaci\u00f3n aportando energ\u00eda a la red y nos queda concluir la segunda parte del parque con 13 aerogeneradores adicionales\u201d<\/strong>. La primera etapa es llamada Los Teros 1, y la segunda, Los Teros 2.<\/p>\n<p>En abril llegaron a Azul los primeros equipos y en octubre comenz\u00f3 el montaje de los aerogeneradores en el predio ubicado en la zona de la ex f\u00e1brica militar Fanazul. El \u00e1rea de ubicaci\u00f3n de las torres de 110 metros de altura con h\u00e9lices de 65 metros, es de 2.450 hect\u00e1reas. En aquel momento, el objetivo era poner en marcha los generadores en el primer trimestre del a\u00f1o, pero <strong>la pandemia oblig\u00f3 a posponer las actividades en reiteradas ocasiones<\/strong>.<\/p>\n<p><img data-recalc-dims=\"1\" loading=\"lazy\" decoding=\"async\" class=\"aligncenter wp-image-3510\" src=\"https:\/\/i0.wp.com\/cdnoticias.com\/wp-content\/uploads\/2020\/10\/azul-parque-eolico-los-teros1.jpg?resize=500%2C281&#038;ssl=1\" alt=\"\" width=\"500\" height=\"281\" srcset=\"https:\/\/i0.wp.com\/cdnoticias.com\/wp-content\/uploads\/2020\/10\/azul-parque-eolico-los-teros1.jpg?resize=300%2C169&amp;ssl=1 300w, https:\/\/i0.wp.com\/cdnoticias.com\/wp-content\/uploads\/2020\/10\/azul-parque-eolico-los-teros1.jpg?resize=768%2C432&amp;ssl=1 768w, https:\/\/i0.wp.com\/cdnoticias.com\/wp-content\/uploads\/2020\/10\/azul-parque-eolico-los-teros1.jpg?w=848&amp;ssl=1 848w\" sizes=\"auto, (max-width: 500px) 100vw, 500px\" \/><\/p>\n<p>Los molinos e\u00f3licos GE de 3.83 MW requirieron una inversi\u00f3n de 144 millones de d\u00f3lares. La instalaci\u00f3n busc\u00f3 proveer de energ\u00eda renovable, eficiente y confiable a clientes a trav\u00e9s del mercado el\u00e9ctrico mayorista. <strong>Se vincula a trav\u00e9s de la l\u00ednea de 132kv que conecta a Tandil con Olavarr\u00eda<\/strong>.<\/p>\n<p>\u201cLos molinos de Los Teros tienen un factor de capacidad de 57%, un nivel de eficiencia extremadamente alto a nivel nacional e internacional\u201d se indic\u00f3 en la presentaci\u00f3n del proyecto hace ya dos a\u00f1os. <strong>En esta primera etapa, Los Teros genera 122 MW de potencia. Al completar Los Teros 2 se alcanzar\u00e1n 172 MW de energ\u00eda limpia<\/strong>.<\/p>\n<p>En el sitio oficial de YPF Luz se destaca que la energ\u00eda generada por el parque e\u00f3lico <strong>\u201ccontribuir\u00e1 al Sistema Argentino de Interconexi\u00f3n (SADI) con alrededor de 550.000MW\/h por a\u00f1o, energ\u00eda suficiente para abastecer entre 125.000 y 175.000 viviendas b\u00e1sicas\u201d<\/strong>. A su vez, se valora el aporte en favor del ambiente de esta generaci\u00f3n: \u201cesta producci\u00f3n e\u00f3lica evita la emisi\u00f3n al medio ambiente de 250.000 ton de CO2 por a\u00f1o que producir\u00eda su generaci\u00f3n mediante usinas t\u00e9rmicas, el equivalente a las necesidades de 228.000 hogares\u201d.<\/p>\n<p><img data-recalc-dims=\"1\" loading=\"lazy\" decoding=\"async\" class=\"aligncenter wp-image-3511\" src=\"https:\/\/i0.wp.com\/cdnoticias.com\/wp-content\/uploads\/2020\/10\/azul-parque-eolico-los-teros2.jpg?resize=500%2C281&#038;ssl=1\" alt=\"\" width=\"500\" height=\"281\" srcset=\"https:\/\/i0.wp.com\/cdnoticias.com\/wp-content\/uploads\/2020\/10\/azul-parque-eolico-los-teros2.jpg?resize=300%2C169&amp;ssl=1 300w, https:\/\/i0.wp.com\/cdnoticias.com\/wp-content\/uploads\/2020\/10\/azul-parque-eolico-los-teros2.jpg?resize=768%2C432&amp;ssl=1 768w, https:\/\/i0.wp.com\/cdnoticias.com\/wp-content\/uploads\/2020\/10\/azul-parque-eolico-los-teros2.jpg?w=848&amp;ssl=1 848w\" sizes=\"auto, (max-width: 500px) 100vw, 500px\" \/><\/p>\n<p><strong>Visita del Intendente<\/strong><\/p>\n<p>Durante la tarde del jueves, el intendente de Azul Hern\u00e1n Bertellys junto a funcionarios municipales recorrieron el predio donde fueron recibidos por autoridades de YPF Luz.<\/p>\n<p>El jefe de Gabinete y Gobierno, Alejandro Vieyra, remarc\u00f3 los beneficios econ\u00f3micos de la inversi\u00f3n en el distrito. \u201cHemos sido bendecidos con que YPF Luz haya decidido instalarse en Azul ya que en estos 15 meses desde que se inici\u00f3 la obra hubo un movimiento econ\u00f3mico muy importante de <strong>m\u00e1s de 500 fuentes de trabajo en forma directa e indirecta<\/strong>. Estimamos que solamente en la infraestructura que se requiere, <strong>tenemos 30 millones de pesos mensuales de movimiento econ\u00f3mico<\/strong>\u201d dijo.<\/p>\n<p>Sostuvo que la empresa YPF Luz <strong>\u201cha realizado un aporte de casi 60 millones de pesos a la comuna en concepto de derechos de construcci\u00f3n y tasas\u201d<\/strong>.<\/p>\n<p><img data-recalc-dims=\"1\" loading=\"lazy\" decoding=\"async\" class=\"aligncenter wp-image-3512\" src=\"https:\/\/i0.wp.com\/cdnoticias.com\/wp-content\/uploads\/2020\/10\/azul-parque-eolico-los-teros.jpeg?resize=500%2C281&#038;ssl=1\" alt=\"\" width=\"500\" height=\"281\" srcset=\"https:\/\/i0.wp.com\/cdnoticias.com\/wp-content\/uploads\/2020\/10\/azul-parque-eolico-los-teros.jpeg?resize=300%2C169&amp;ssl=1 300w, https:\/\/i0.wp.com\/cdnoticias.com\/wp-content\/uploads\/2020\/10\/azul-parque-eolico-los-teros.jpeg?resize=768%2C432&amp;ssl=1 768w, https:\/\/i0.wp.com\/cdnoticias.com\/wp-content\/uploads\/2020\/10\/azul-parque-eolico-los-teros.jpeg?w=948&amp;ssl=1 948w\" sizes=\"auto, (max-width: 500px) 100vw, 500px\" \/><\/p>\n<p>En tanto, el Intendente se\u00f1al\u00f3 que \u201crecuerdo cuando hace dos a\u00f1os empezamos con las primeras conversaciones sobre generar energ\u00eda limpia desde Azul y <strong>estamos felices de que hoy podamos ver que es un hecho concreto y tengamos en Azul el parque e\u00f3lico m\u00e1s grande del pa\u00eds<\/strong>&#8220;. Asimismo, recalc\u00f3 que &#8220;realmente esto nos llena de orgullo porque todos hemos puesto un grano de arena para que sea posible\u201d.<\/p>\n<p>En otro orden, el mandatario municipal de Azul <strong>agradeci\u00f3 la colaboraci\u00f3n de la empresa durante la pandemia<\/strong>, ya que en estos meses don\u00f3 100 kits de PCR y 140 kits de bioseguridad para protecci\u00f3n del personal m\u00e9dico e insumos para el armado de 100 m\u00e1scaras faciales.<\/p>\n","protected":false},"excerpt":{"rendered":"<p>Desde la semana pasada est\u00e1n en marcha los 32 aerogeneradores que aportan energ\u00eda el\u00e9ctrica a la red desde el vecino<\/p>\n","protected":false},"author":4,"featured_media":3509,"comment_status":"closed","ping_status":"closed","sticky":false,"template":"","format":"standard","meta":{"_jetpack_memberships_contains_paid_content":false,"footnotes":""},"categories":[6,1],"tags":[],"class_list":["post-3508","post","type-post","status-publish","format-standard","has-post-thumbnail","hentry","category-nacionales","category-portada"],"jetpack_featured_media_url":"https:\/\/i0.wp.com\/cdnoticias.com\/wp-content\/uploads\/2020\/10\/azul-parque-eolico-los-teros-YPF.jpg?fit=960%2C556&ssl=1","jetpack_sharing_enabled":true,"_links":{"self":[{"href":"https:\/\/cdnoticias.com\/index.php\/wp-json\/wp\/v2\/posts\/3508","targetHints":{"allow":["GET"]}}],"collection":[{"href":"https:\/\/cdnoticias.com\/index.php\/wp-json\/wp\/v2\/posts"}],"about":[{"href":"https:\/\/cdnoticias.com\/index.php\/wp-json\/wp\/v2\/types\/post"}],"author":[{"embeddable":true,"href":"https:\/\/cdnoticias.com\/index.php\/wp-json\/wp\/v2\/users\/4"}],"replies":[{"embeddable":true,"href":"https:\/\/cdnoticias.com\/index.php\/wp-json\/wp\/v2\/comments?post=3508"}],"version-history":[{"count":0,"href":"https:\/\/cdnoticias.com\/index.php\/wp-json\/wp\/v2\/posts\/3508\/revisions"}],"wp:featuredmedia":[{"embeddable":true,"href":"https:\/\/cdnoticias.com\/index.php\/wp-json\/wp\/v2\/media\/3509"}],"wp:attachment":[{"href":"https:\/\/cdnoticias.com\/index.php\/wp-json\/wp\/v2\/media?parent=3508"}],"wp:term":[{"taxonomy":"category","embeddable":true,"href":"https:\/\/cdnoticias.com\/index.php\/wp-json\/wp\/v2\/categories?post=3508"},{"taxonomy":"post_tag","embeddable":true,"href":"https:\/\/cdnoticias.com\/index.php\/wp-json\/wp\/v2\/tags?post=3508"}],"curies":[{"name":"wp","href":"https:\/\/api.w.org\/{rel}","templated":true}]}}