{"id":35034,"date":"2021-10-09T14:59:00","date_gmt":"2021-10-09T17:59:00","guid":{"rendered":"http:\/\/www.centraldenoticias.com.ar\/?p=35034"},"modified":"2021-10-09T17:38:36","modified_gmt":"2021-10-09T20:38:36","slug":"en-una-semana-solo-se-registraron-dos-positivos-de-covid-en-olavarria","status":"publish","type":"post","link":"https:\/\/cdnoticias.com\/index.php\/2021\/10\/09\/en-una-semana-solo-se-registraron-dos-positivos-de-covid-en-olavarria\/","title":{"rendered":"En una semana, s\u00f3lo se registraron dos positivos de COVID en Olavarr\u00eda"},"content":{"rendered":"<p>Hay nueve casos activos, y no hay internados en el Hospital Municipal. Se realizaron, en tanto, 579 hisopados.\u00a0<!--more--><\/p>\n<hr \/>\n<p>La Secretar\u00eda de Salud inform\u00f3 una nueva semana de actualizaci\u00f3n de la Emergencia Sanitaria: <strong>en siete d\u00edas, s\u00f3lo hubo dos casos positivos de COVID, no hubo fallecimientos y tampoco hay personas internadas en el Hospital Municipal.<\/strong><\/p>\n<p>&nbsp;<\/p>\n<p>En total, <strong>del 2 al 9 de octubre, se realizaron 579 hisopados, de los cuales dos dieron positivo. Se inform\u00f3 que la positividad fue de 0,3% y son 9 los casos activos en todo el Partido, con un promedio de 44 a\u00f1os.<\/strong><\/p>\n<p>&nbsp;<\/p>\n<p><img data-recalc-dims=\"1\" loading=\"lazy\" decoding=\"async\" class=\"alignnone size-large wp-image-35035\" src=\"https:\/\/i0.wp.com\/cdnoticias.com\/wp-content\/uploads\/2021\/10\/WhatsApp-Image-2021-10-09-at-14.46.45.jpeg?resize=800%2C800&#038;ssl=1\" alt=\"\" width=\"800\" height=\"800\" srcset=\"https:\/\/i0.wp.com\/cdnoticias.com\/wp-content\/uploads\/2021\/10\/WhatsApp-Image-2021-10-09-at-14.46.45.jpeg?resize=1024%2C1024&amp;ssl=1 1024w, https:\/\/i0.wp.com\/cdnoticias.com\/wp-content\/uploads\/2021\/10\/WhatsApp-Image-2021-10-09-at-14.46.45.jpeg?resize=150%2C150&amp;ssl=1 150w, https:\/\/i0.wp.com\/cdnoticias.com\/wp-content\/uploads\/2021\/10\/WhatsApp-Image-2021-10-09-at-14.46.45.jpeg?resize=300%2C300&amp;ssl=1 300w, https:\/\/i0.wp.com\/cdnoticias.com\/wp-content\/uploads\/2021\/10\/WhatsApp-Image-2021-10-09-at-14.46.45.jpeg?resize=768%2C767&amp;ssl=1 768w, https:\/\/i0.wp.com\/cdnoticias.com\/wp-content\/uploads\/2021\/10\/WhatsApp-Image-2021-10-09-at-14.46.45.jpeg?w=1280&amp;ssl=1 1280w\" sizes=\"auto, (max-width: 800px) 100vw, 800px\" \/><\/p>\n<p>&nbsp;<\/p>\n<blockquote><p>Esta semana no hubo fallecidos ni tampoco internados en el Hospital Municipal.<\/p><\/blockquote>\n<p>&nbsp;<\/p>\n<p>Adem\u00e1s, la incidencia de los casos fue de 1.1 y la raz\u00f3n de los casos de 0.2. Ambos ubicados en riesgo bajo.<\/p>\n<p>&nbsp;<\/p>\n<p><img data-recalc-dims=\"1\" loading=\"lazy\" decoding=\"async\" class=\"alignnone size-large wp-image-35036\" src=\"https:\/\/i0.wp.com\/cdnoticias.com\/wp-content\/uploads\/2021\/10\/WhatsApp-Image-2021-10-09-at-14.46.50.jpeg?resize=800%2C800&#038;ssl=1\" alt=\"\" width=\"800\" height=\"800\" srcset=\"https:\/\/i0.wp.com\/cdnoticias.com\/wp-content\/uploads\/2021\/10\/WhatsApp-Image-2021-10-09-at-14.46.50.jpeg?resize=1024%2C1024&amp;ssl=1 1024w, https:\/\/i0.wp.com\/cdnoticias.com\/wp-content\/uploads\/2021\/10\/WhatsApp-Image-2021-10-09-at-14.46.50.jpeg?resize=150%2C150&amp;ssl=1 150w, https:\/\/i0.wp.com\/cdnoticias.com\/wp-content\/uploads\/2021\/10\/WhatsApp-Image-2021-10-09-at-14.46.50.jpeg?resize=300%2C300&amp;ssl=1 300w, https:\/\/i0.wp.com\/cdnoticias.com\/wp-content\/uploads\/2021\/10\/WhatsApp-Image-2021-10-09-at-14.46.50.jpeg?resize=768%2C768&amp;ssl=1 768w, https:\/\/i0.wp.com\/cdnoticias.com\/wp-content\/uploads\/2021\/10\/WhatsApp-Image-2021-10-09-at-14.46.50.jpeg?w=1280&amp;ssl=1 1280w\" sizes=\"auto, (max-width: 800px) 100vw, 800px\" \/><\/p>\n<p>&nbsp;<\/p>\n<p>Fue una de las semanas m\u00e1s bajas desde el inicio de la pandemia en marzo de 2020: <strong>la vacunaci\u00f3n y los cuidados sanitarios fueron claves para llegar a esta etapa de la pandemia, en la nueva normalidad.<\/strong><\/p>\n","protected":false},"excerpt":{"rendered":"<p>Hay nueve casos activos, y no hay internados en el Hospital Municipal. Se realizaron, en tanto, 579 hisopados.\u00a0<\/p>\n","protected":false},"author":2,"featured_media":12846,"comment_status":"closed","ping_status":"closed","sticky":false,"template":"","format":"standard","meta":{"_jetpack_memberships_contains_paid_content":false,"footnotes":""},"categories":[16,1],"tags":[],"class_list":["post-35034","post","type-post","status-publish","format-standard","has-post-thumbnail","hentry","category-covid-19","category-portada"],"jetpack_featured_media_url":"https:\/\/i0.wp.com\/cdnoticias.com\/wp-content\/uploads\/2021\/02\/rta-hisopados.jpg?fit=1140%2C660&ssl=1","jetpack_sharing_enabled":true,"_links":{"self":[{"href":"https:\/\/cdnoticias.com\/index.php\/wp-json\/wp\/v2\/posts\/35034","targetHints":{"allow":["GET"]}}],"collection":[{"href":"https:\/\/cdnoticias.com\/index.php\/wp-json\/wp\/v2\/posts"}],"about":[{"href":"https:\/\/cdnoticias.com\/index.php\/wp-json\/wp\/v2\/types\/post"}],"author":[{"embeddable":true,"href":"https:\/\/cdnoticias.com\/index.php\/wp-json\/wp\/v2\/users\/2"}],"replies":[{"embeddable":true,"href":"https:\/\/cdnoticias.com\/index.php\/wp-json\/wp\/v2\/comments?post=35034"}],"version-history":[{"count":0,"href":"https:\/\/cdnoticias.com\/index.php\/wp-json\/wp\/v2\/posts\/35034\/revisions"}],"wp:featuredmedia":[{"embeddable":true,"href":"https:\/\/cdnoticias.com\/index.php\/wp-json\/wp\/v2\/media\/12846"}],"wp:attachment":[{"href":"https:\/\/cdnoticias.com\/index.php\/wp-json\/wp\/v2\/media?parent=35034"}],"wp:term":[{"taxonomy":"category","embeddable":true,"href":"https:\/\/cdnoticias.com\/index.php\/wp-json\/wp\/v2\/categories?post=35034"},{"taxonomy":"post_tag","embeddable":true,"href":"https:\/\/cdnoticias.com\/index.php\/wp-json\/wp\/v2\/tags?post=35034"}],"curies":[{"name":"wp","href":"https:\/\/api.w.org\/{rel}","templated":true}]}}