{"id":35026,"date":"2021-10-09T12:15:25","date_gmt":"2021-10-09T15:15:25","guid":{"rendered":"http:\/\/www.centraldenoticias.com.ar\/?p=35026"},"modified":"2021-10-09T12:15:25","modified_gmt":"2021-10-09T15:15:25","slug":"ediciones-delaltillo-se-presenta-quinto-elemento-de-alberto-sanchez-graf","status":"publish","type":"post","link":"https:\/\/cdnoticias.com\/index.php\/2021\/10\/09\/ediciones-delaltillo-se-presenta-quinto-elemento-de-alberto-sanchez-graf\/","title":{"rendered":"Ediciones delaltillo: Se presenta \u201cQuinto elemento\u201d de Alberto S\u00e1nchez Graf"},"content":{"rendered":"<p>Contin\u00faa el ciclo de Ediciones delaltillo en la Casa del Bicentenario este s\u00e1bado a las 19 horas.\u00a0<!--more--><\/p>\n<hr \/>\n<p>Este <strong>s\u00e1bado desde las 19:00 horas, en la Casa del Bicentenario, continuar\u00e1 el ciclo de presentaciones de libros de Editorial delaltillo . Ser\u00e1 con el poemario \u201cQuinto elemento\u201d de Alberto Bernab\u00e9 S\u00e1nchez Graf.<\/strong><\/p>\n<p>&nbsp;<\/p>\n<p>Alberto S\u00e1nchez Graf, reconocido poeta de nuestra ciudad que <strong>cuenta adem\u00e1s con t\u00edtulos como \u201cEl ojo desnudo\u201d y \u201cAnimal Simb\u00f3lico\u201d.<\/strong><\/p>\n<p>&nbsp;<\/p>\n<p>El escritor Carlos Verucchi explic\u00f3 que<em> \u201cS\u00e1nchez Graf nos ayuda a salir de esa estructura racional y convencional que sugiere una comunicaci\u00f3n basada en preconceptos, en est\u00e1ndares consensuados en pos de simplicidad. Que nos hace pensar que la piel recibe caricias o concebir el tiempo como un hilo, que un dios es un viejo de barba y que cada pesadilla lleva un trueno como sonido de fondo\u201d.<\/em><\/p>\n<p>&nbsp;<\/p>\n<p>A trav\u00e9s de sus poemas <strong><em>\u201cel autor nos muestra el lado de atr\u00e1s de las cosas, construye un lenguaje singular y ese lenguaje describe la realidad desde una perspectiva distinta, inventa el mundo nuevamente y nos salva del otro, gastado y empobrecido, dise\u00f1ado por un dios que llueve desde siglos\u201d.<\/em><\/strong><\/p>\n<p>&nbsp;<\/p>\n<p><strong>Las presentaciones son con entrada libre y gratuita (seg\u00fan aforo),<\/strong> contar\u00e1n con la presencia de los autores de las obras y adem\u00e1s se servir\u00e1 un vino de honor a los asistentes.<\/p>\n<p>&nbsp;<\/p>\n<p>La agenda continuar\u00e1 el s\u00e1bado 30 de octubre con <em>\u201cComienzo del juego \u2013 el arte de las estatuas vivientes\u201d<\/em> de Mar\u00eda In\u00e9s Banegas, el s\u00e1bado 20 de noviembre con \u201cEl mismo rio\u201d de Carlos Verucchi y el s\u00e1bado 4 de diciembre con \u201cDesparido\u201d, de Fabricio Lucio.<\/p>\n","protected":false},"excerpt":{"rendered":"<p>Contin\u00faa el ciclo de Ediciones delaltillo en la Casa del Bicentenario este s\u00e1bado a las 19 horas.\u00a0<\/p>\n","protected":false},"author":2,"featured_media":35027,"comment_status":"closed","ping_status":"closed","sticky":false,"template":"","format":"standard","meta":{"_jetpack_memberships_contains_paid_content":false,"footnotes":""},"categories":[9,1],"tags":[],"class_list":["post-35026","post","type-post","status-publish","format-standard","has-post-thumbnail","hentry","category-cultura","category-portada"],"jetpack_featured_media_url":"https:\/\/i0.wp.com\/cdnoticias.com\/wp-content\/uploads\/2021\/10\/librosdelaltillo-9-OCTUBRE.jpg?fit=1280%2C1280&ssl=1","jetpack_sharing_enabled":true,"_links":{"self":[{"href":"https:\/\/cdnoticias.com\/index.php\/wp-json\/wp\/v2\/posts\/35026","targetHints":{"allow":["GET"]}}],"collection":[{"href":"https:\/\/cdnoticias.com\/index.php\/wp-json\/wp\/v2\/posts"}],"about":[{"href":"https:\/\/cdnoticias.com\/index.php\/wp-json\/wp\/v2\/types\/post"}],"author":[{"embeddable":true,"href":"https:\/\/cdnoticias.com\/index.php\/wp-json\/wp\/v2\/users\/2"}],"replies":[{"embeddable":true,"href":"https:\/\/cdnoticias.com\/index.php\/wp-json\/wp\/v2\/comments?post=35026"}],"version-history":[{"count":0,"href":"https:\/\/cdnoticias.com\/index.php\/wp-json\/wp\/v2\/posts\/35026\/revisions"}],"wp:featuredmedia":[{"embeddable":true,"href":"https:\/\/cdnoticias.com\/index.php\/wp-json\/wp\/v2\/media\/35027"}],"wp:attachment":[{"href":"https:\/\/cdnoticias.com\/index.php\/wp-json\/wp\/v2\/media?parent=35026"}],"wp:term":[{"taxonomy":"category","embeddable":true,"href":"https:\/\/cdnoticias.com\/index.php\/wp-json\/wp\/v2\/categories?post=35026"},{"taxonomy":"post_tag","embeddable":true,"href":"https:\/\/cdnoticias.com\/index.php\/wp-json\/wp\/v2\/tags?post=35026"}],"curies":[{"name":"wp","href":"https:\/\/api.w.org\/{rel}","templated":true}]}}