{"id":35007,"date":"2021-10-08T20:29:37","date_gmt":"2021-10-08T23:29:37","guid":{"rendered":"http:\/\/www.centraldenoticias.com.ar\/?p=35007"},"modified":"2021-10-08T20:29:37","modified_gmt":"2021-10-08T23:29:37","slug":"campana-de-vacunacion-este-viernes-se-aplicaron-52-dosis","status":"publish","type":"post","link":"https:\/\/cdnoticias.com\/index.php\/2021\/10\/08\/campana-de-vacunacion-este-viernes-se-aplicaron-52-dosis\/","title":{"rendered":"Campa\u00f1a de vacunaci\u00f3n: este viernes se aplicaron 52 dosis"},"content":{"rendered":"<p>Adem\u00e1s se inform\u00f3 que este s\u00e1bado solo se aplicar\u00e1n primeras dosis y recupero de turnos en el Servicio Territorial N\u00ba 2. En tanto, el pr\u00f3ximo martes comenzar\u00e1 la vacunaci\u00f3n a menores de entre 3 y 11 a\u00f1os con turnos.<!--more--><\/p>\n<hr \/>\n<p>Seg\u00fan se inform\u00f3 desde Regi\u00f3n Sanitaria IX, en el Servicio Territorial N\u00b02 se vacunaron 52 personas,<strong> 29 con primeras dosis y 23 completando esquemas con segundo componente.<\/strong><\/p>\n<p>&nbsp;<\/p>\n<p>Adem\u00e1s, <strong>durante la jornada del s\u00e1bado solo se aplicar\u00e1n primeras dosis y recupero de turnos en el Servicio Territorial N\u00b02,<\/strong> ubicado en Alberdi 2543, en el horario de 9 a 13.<\/p>\n<p>&nbsp;<\/p>\n<p>Por otra parte, se indic\u00f3 que <strong>el martes pr\u00f3ximo comenzar\u00e1n a vacunar a menores de entre 3 y 11 a\u00f1os<\/strong>, los mismos deber\u00e1n inscribirse al igual que los menores de 12 a 17 a\u00f1os a trav\u00e9s del <a href=\"https:\/\/vacunatepba.gba.gob.ar\/\" target=\"_blank\" rel=\"noopener\">sitio web Vacunate.\u00a0\u00a0<\/a><\/p>\n<p>&nbsp;<\/p>\n<p>Con respecto a las<strong> aplicaciones de segundas dosis<\/strong>, se ampli\u00f3 la aplicaci\u00f3n libre para los mayores de 30 a\u00f1os adem\u00e1s de las personas gestantes, trabajadores de salud y de educaci\u00f3n, personas inmunodeprimidas y mayores de 18 con enfermedades preexistentes en cuanto hayan cumplido con los tiempos de la vacuna.<\/p>\n<p>&nbsp;<\/p>\n<p>El resto de la poblaci\u00f3n para recibir el segundo componente debe respetar el turno, por lo que se le pide a los vecinos y vecinas que est\u00e9n atentos a las notificaciones que se env\u00edan desde el Ministerio de Salud provincial.<\/p>\n<p>&nbsp;<\/p>\n<p>Por \u00faltimo, sigue desarroll\u00e1ndose la <strong>vacunaci\u00f3n libre de primeras dosis<\/strong> para los mayores de 18 a\u00f1os que acrediten domicilio en la localidad present\u00e1ndose con su DNI en cualquiera de las postas de vacunaci\u00f3n.<\/p>\n","protected":false},"excerpt":{"rendered":"<p>Adem\u00e1s se inform\u00f3 que este s\u00e1bado solo se aplicar\u00e1n primeras dosis y recupero de turnos en el Servicio Territorial N\u00ba<\/p>\n","protected":false},"author":5,"featured_media":30834,"comment_status":"closed","ping_status":"closed","sticky":false,"template":"","format":"standard","meta":{"_jetpack_memberships_contains_paid_content":false,"footnotes":""},"categories":[16,1],"tags":[],"class_list":["post-35007","post","type-post","status-publish","format-standard","has-post-thumbnail","hentry","category-covid-19","category-portada"],"jetpack_featured_media_url":"https:\/\/i0.wp.com\/cdnoticias.com\/wp-content\/uploads\/2021\/08\/vacunacion-STM2-00.jpg?fit=1000%2C556&ssl=1","jetpack_sharing_enabled":true,"_links":{"self":[{"href":"https:\/\/cdnoticias.com\/index.php\/wp-json\/wp\/v2\/posts\/35007","targetHints":{"allow":["GET"]}}],"collection":[{"href":"https:\/\/cdnoticias.com\/index.php\/wp-json\/wp\/v2\/posts"}],"about":[{"href":"https:\/\/cdnoticias.com\/index.php\/wp-json\/wp\/v2\/types\/post"}],"author":[{"embeddable":true,"href":"https:\/\/cdnoticias.com\/index.php\/wp-json\/wp\/v2\/users\/5"}],"replies":[{"embeddable":true,"href":"https:\/\/cdnoticias.com\/index.php\/wp-json\/wp\/v2\/comments?post=35007"}],"version-history":[{"count":0,"href":"https:\/\/cdnoticias.com\/index.php\/wp-json\/wp\/v2\/posts\/35007\/revisions"}],"wp:featuredmedia":[{"embeddable":true,"href":"https:\/\/cdnoticias.com\/index.php\/wp-json\/wp\/v2\/media\/30834"}],"wp:attachment":[{"href":"https:\/\/cdnoticias.com\/index.php\/wp-json\/wp\/v2\/media?parent=35007"}],"wp:term":[{"taxonomy":"category","embeddable":true,"href":"https:\/\/cdnoticias.com\/index.php\/wp-json\/wp\/v2\/categories?post=35007"},{"taxonomy":"post_tag","embeddable":true,"href":"https:\/\/cdnoticias.com\/index.php\/wp-json\/wp\/v2\/tags?post=35007"}],"curies":[{"name":"wp","href":"https:\/\/api.w.org\/{rel}","templated":true}]}}