{"id":34989,"date":"2021-10-08T17:19:17","date_gmt":"2021-10-08T20:19:17","guid":{"rendered":"http:\/\/www.centraldenoticias.com.ar\/?p=34989"},"modified":"2021-10-08T17:19:17","modified_gmt":"2021-10-08T20:19:17","slug":"dia-internacional-de-la-dislexia-la-municipalidad-se-iluminara-de-color-celeste","status":"publish","type":"post","link":"https:\/\/cdnoticias.com\/index.php\/2021\/10\/08\/dia-internacional-de-la-dislexia-la-municipalidad-se-iluminara-de-color-celeste\/","title":{"rendered":"D\u00eda Internacional de la Dislexia: la Municipalidad se iluminar\u00e1 de color celeste"},"content":{"rendered":"<p>Se celebra este viernes con el objetivo de visibilizar este trastorno que afecta al 10% de la poblaci\u00f3n mundial.<!--more--><\/p>\n<hr \/>\n<p>Cada 8 de octubre se celebra el<strong> D\u00eda Internacional de la Dislexia<\/strong>, con el objetivo de visibilizar este trastorno invisible que afecta al 10% de la poblaci\u00f3n mundial. Para cumplir con este objetivo,<strong> el edificio municipal se iluminar\u00e1 de color celeste.<\/strong><\/p>\n<p>&nbsp;<\/p>\n<p>La dislexia es un<strong> trastorno de origen neurobiol\u00f3gico y hereditario<\/strong> para aprender a leer en forma fluida, exacta y automatizada, que trae grandes consecuencias emocionales si no es tratada y acompa\u00f1ada tanto en el \u00e1mbito familiar y escolar, como de la salud.<\/p>\n<p>&nbsp;<\/p>\n<p>Es un trastorno del aprendizaje de la lectura y la escritura, de car\u00e1cter persistente y espec\u00edfico, que se da en ni\u00f1os que no presentan ning\u00fan h\u00e1ndicap f\u00edsico, ps\u00edquico ni sociocultural y cuyo origen deriva de una alteraci\u00f3n del neurodesarrollo.<\/p>\n<p>&nbsp;<\/p>\n<p><strong>La dislexia es mucho m\u00e1s que tener dificultades en la lectura y en la escritura<\/strong>, ya que existen problemas de compresi\u00f3n, de memoria a corto plazo, de acceso al l\u00e9xico, confusi\u00f3n entre la derecha y la izquierda, dificultades en las nociones espacio-temporales y otras. Debemos tener en cuenta que no existen dos disl\u00e9xicos id\u00e9nticos y por tanto cada caso es \u00fanico y no tiene por qu\u00e9 presentar la totalidad de los s\u00edntomas.<\/p>\n<p>&nbsp;<\/p>\n<p>El principal problema que tiene la dislexia es que no es compatible con nuestro sistema educativo, pues, dentro de este, todos los aprendizajes se realizan a trav\u00e9s del c\u00f3digo escrito, por lo cual el ni\u00f1o disl\u00e9xico no puede asimilar ciertos contenidos de materias como Conocimiento del Medio, porque no es capaz de llegar a su significado a trav\u00e9s de la lectura.<\/p>\n<p>&nbsp;<\/p>\n<p>La <strong>Ley 27306<\/strong> garantiza en nuestro pa\u00eds el derecho a la educaci\u00f3n de ni\u00f1os, adolescentes y adultos con dislexia y otras dificultades espec\u00edficas de aprendizaje (DEA). Disfam Argentina, la Asociaci\u00f3n Argentina de Dislexia y Familia, promueve junto a otras Asociaciones del mundo y de la Argentina octubre como el <strong>mes de la concientizaci\u00f3n de dicha condici\u00f3n.<\/strong><\/p>\n<p>&nbsp;<\/p>\n<p>Desde la OIDEA (Organizaci\u00f3n Iberoamericana de las Dificultades Espec\u00edficas del Aprendizaje) se ha convocado a una campa\u00f1a bajo el lema<strong> #UnidosporlaDislexia<\/strong>, para la visibilizaci\u00f3n de este trastorno neurobiol\u00f3gico.<\/p>\n<p>&nbsp;<\/p>\n<p>Adem\u00e1s, se est\u00e1 trabajando fuertemente para que el 8 de octubre sea reconocido como <strong>D\u00eda Internacional de la Dislexia ante las Naciones Unidas<\/strong>, iniciativa que ya cuenta con el apoyo de la Organizaci\u00f3n de Estados Iberoamericanos.<\/p>\n","protected":false},"excerpt":{"rendered":"<p>Se celebra este viernes con el objetivo de visibilizar este trastorno que afecta al 10% de la poblaci\u00f3n mundial.<\/p>\n","protected":false},"author":5,"featured_media":34990,"comment_status":"closed","ping_status":"closed","sticky":false,"template":"","format":"standard","meta":{"_jetpack_memberships_contains_paid_content":false,"footnotes":""},"categories":[5,1],"tags":[],"class_list":["post-34989","post","type-post","status-publish","format-standard","has-post-thumbnail","hentry","category-informacion-general","category-portada"],"jetpack_featured_media_url":"https:\/\/i0.wp.com\/cdnoticias.com\/wp-content\/uploads\/2021\/10\/Salud-Municipio-Luces-celeste.jpeg?fit=1024%2C768&ssl=1","jetpack_sharing_enabled":true,"_links":{"self":[{"href":"https:\/\/cdnoticias.com\/index.php\/wp-json\/wp\/v2\/posts\/34989","targetHints":{"allow":["GET"]}}],"collection":[{"href":"https:\/\/cdnoticias.com\/index.php\/wp-json\/wp\/v2\/posts"}],"about":[{"href":"https:\/\/cdnoticias.com\/index.php\/wp-json\/wp\/v2\/types\/post"}],"author":[{"embeddable":true,"href":"https:\/\/cdnoticias.com\/index.php\/wp-json\/wp\/v2\/users\/5"}],"replies":[{"embeddable":true,"href":"https:\/\/cdnoticias.com\/index.php\/wp-json\/wp\/v2\/comments?post=34989"}],"version-history":[{"count":0,"href":"https:\/\/cdnoticias.com\/index.php\/wp-json\/wp\/v2\/posts\/34989\/revisions"}],"wp:featuredmedia":[{"embeddable":true,"href":"https:\/\/cdnoticias.com\/index.php\/wp-json\/wp\/v2\/media\/34990"}],"wp:attachment":[{"href":"https:\/\/cdnoticias.com\/index.php\/wp-json\/wp\/v2\/media?parent=34989"}],"wp:term":[{"taxonomy":"category","embeddable":true,"href":"https:\/\/cdnoticias.com\/index.php\/wp-json\/wp\/v2\/categories?post=34989"},{"taxonomy":"post_tag","embeddable":true,"href":"https:\/\/cdnoticias.com\/index.php\/wp-json\/wp\/v2\/tags?post=34989"}],"curies":[{"name":"wp","href":"https:\/\/api.w.org\/{rel}","templated":true}]}}