{"id":34980,"date":"2021-10-08T16:20:07","date_gmt":"2021-10-08T19:20:07","guid":{"rendered":"http:\/\/www.centraldenoticias.com.ar\/?p=34980"},"modified":"2021-10-08T16:20:07","modified_gmt":"2021-10-08T19:20:07","slug":"kicillof-presento-el-programa-para-la-reactivacion-del-turismo-bonaerense","status":"publish","type":"post","link":"https:\/\/cdnoticias.com\/index.php\/2021\/10\/08\/kicillof-presento-el-programa-para-la-reactivacion-del-turismo-bonaerense\/","title":{"rendered":"Kicillof present\u00f3 el Programa para la Reactivaci\u00f3n del Turismo Bonaerense"},"content":{"rendered":"<p>Incluye alivios fiscales para servicios de hospedaje, viajes de egresados gratuitos para 220 mil estudiantes, financiamiento para festivales y el lanzamiento de la aplicaci\u00f3n Recreo para promocionar los atractivos tur\u00edsticos y culturales de todos los distritos.<!--more--><\/p>\n<hr \/>\n<p>El gobernador de la provincia de Buenos Aires, Axel Kicillof, present\u00f3 este viernes el <strong>Programa de Reactivaci\u00f3n del Turismo Bonaerense<\/strong>, que incluye un conjunto de medidas destinadas a apuntalar uno de los sectores m\u00e1s golpeados por la pandemia. En un anuncio desde el municipio de Villa Gesell, el Gobernador estuvo acompa\u00f1ado por el ministro de Producci\u00f3n, Ciencia e Innovaci\u00f3n Tecnol\u00f3gica, Augusto Costa; el intendente Gustavo Barrera; y la candidata a diputada nacional Victoria Tolosa Paz.<\/p>\n<p>&nbsp;<\/p>\n<p><em>\u201cDise\u00f1amos un programa para acompa\u00f1ar a los sectores vinculados al entretenimiento y la cultura, que fueron los que m\u00e1s sufrieron las consecuencias econ\u00f3micas de la pandemia\u201d<\/em>, afirm\u00f3 el Gobernador, al tiempo que valor\u00f3 que <strong><em>\u201cel Estado va a ocupar un rol central para facilitar las actividades y recuperar lo perdido\u201d.<\/em><\/strong><\/p>\n<p>&nbsp;<\/p>\n<p>En ese marco, Kicillof destac\u00f3 que <em>\u201choy vemos que miles de argentinos y argentinas vuelven a disfrutar de la costa atl\u00e1ntica, despu\u00e9s de una \u00e9poca de p\u00e9rdidas y privaciones\u201d.\u00a0<\/em><\/p>\n<p>&nbsp;<\/p>\n<blockquote><p>Estas actividades que reabren son una consecuencia de la campa\u00f1a de vacunaci\u00f3n m\u00e1s grande de nuestra historia, que ayer comenz\u00f3 a enviar turnos para inmunizar incluso a los chicos y chicas mayores de tres a\u00f1os.<\/p><\/blockquote>\n<p>&nbsp;<\/p>\n<p>El plan de reactivaci\u00f3n del turismo prev\u00e9 el env\u00edo de un<strong> proyecto de ley a la Legislatura para profundizar la eximici\u00f3n a las empresas que brindan servicios de hospedaje del pago del impuesto inmobiliario durante el periodo comprendido entre marzo de 2020 y septiembre de 2021.<\/strong> <em>\u201cLos servicios de hoteler\u00eda no deber\u00e1n pagar el impuesto inmobiliario y, quienes lo hayan hecho, contar\u00e1n con cr\u00e9dito fiscal para disponer de esos recursos, ya que necesitamos que el turismo vuelva a ponerse de pie r\u00e1pidamente\u201d<\/em>, sostuvo el mandatario bonaerense.<\/p>\n<p>&nbsp;<\/p>\n<p><em>\u201cVamos a acompa\u00f1ar tambi\u00e9n a m\u00e1s de 220 mil estudiantes del \u00faltimo a\u00f1o del secundario, tanto del sistema p\u00fablico como del privado, para que puedan realizar sus viajes de egresados en la Provincia\u201d,<\/em> remarc\u00f3 Kicillof. En ese sentido, subray\u00f3 que<strong><em> \u201cgarantizaremos paquetes por hasta 30 mil pesos por alumno para viajes de egresados durante febrero y abril del a\u00f1o que viene, fortaleciendo tambi\u00e9n el turismo bonaerense fuera de temporada\u201d.<\/em><\/strong><\/p>\n<p>&nbsp;<\/p>\n<p>Por otro lado, el programa contempla un <strong>apoyo econ\u00f3mico de mil millones de pesos para acompa\u00f1ar a los municipios en la realizaci\u00f3n de fiestas populares y festivales<\/strong>, en tanto que se pone en funcionamiento la <strong>aplicaci\u00f3n Recreo<\/strong> en la Provincia, una plataforma colaborativa en la que los 135 distritos pueden promocionar sus atractivos tur\u00edsticos. La app ya se encuentra en la tienda de Google Play y para el sistema IOS.<\/p>\n<p>&nbsp;<\/p>\n<p><img data-recalc-dims=\"1\" loading=\"lazy\" decoding=\"async\" class=\"alignnone size-full wp-image-34981\" src=\"https:\/\/i0.wp.com\/cdnoticias.com\/wp-content\/uploads\/2021\/10\/20211008111846_IMG_5201-01.jpeg?resize=800%2C532&#038;ssl=1\" alt=\"\" width=\"800\" height=\"532\" srcset=\"https:\/\/i0.wp.com\/cdnoticias.com\/wp-content\/uploads\/2021\/10\/20211008111846_IMG_5201-01.jpeg?w=3443&amp;ssl=1 3443w, https:\/\/i0.wp.com\/cdnoticias.com\/wp-content\/uploads\/2021\/10\/20211008111846_IMG_5201-01.jpeg?resize=300%2C200&amp;ssl=1 300w, https:\/\/i0.wp.com\/cdnoticias.com\/wp-content\/uploads\/2021\/10\/20211008111846_IMG_5201-01.jpeg?resize=768%2C511&amp;ssl=1 768w, https:\/\/i0.wp.com\/cdnoticias.com\/wp-content\/uploads\/2021\/10\/20211008111846_IMG_5201-01.jpeg?resize=1024%2C681&amp;ssl=1 1024w, https:\/\/i0.wp.com\/cdnoticias.com\/wp-content\/uploads\/2021\/10\/20211008111846_IMG_5201-01.jpeg?resize=272%2C182&amp;ssl=1 272w, https:\/\/i0.wp.com\/cdnoticias.com\/wp-content\/uploads\/2021\/10\/20211008111846_IMG_5201-01.jpeg?w=1600&amp;ssl=1 1600w, https:\/\/i0.wp.com\/cdnoticias.com\/wp-content\/uploads\/2021\/10\/20211008111846_IMG_5201-01.jpeg?w=2400&amp;ssl=1 2400w\" sizes=\"auto, (max-width: 800px) 100vw, 800px\" \/><\/p>\n<p>&nbsp;<\/p>\n<p>El ministro Costa enfatiz\u00f3 que <em>\u201cestamos en un fin de semana con buenas noticias, en el que miles de bonaerenses est\u00e1n llegando a la costa atl\u00e1ntica\u201d<\/em>.<em> \u201cEstos anuncios servir\u00e1n para acompa\u00f1ar la reactivaci\u00f3n de la actividad y para que el turismo pueda salir r\u00e1pidamente de la situaci\u00f3n dif\u00edcil que dej\u00f3 la pandemia\u201d<\/em>, asegur\u00f3 y a\u00f1adi\u00f3: <strong><em>\u201cDetr\u00e1s de cada turista hay producci\u00f3n y trabajo para miles de peque\u00f1as y medianas empresas\u201d.<\/em><\/strong><\/p>\n<p>&nbsp;<\/p>\n<p>Por su parte, el intendente Barrera se\u00f1al\u00f3: <em>\u201cTanto la Provincia como la Naci\u00f3n estuvieron presentes todo este tiempo en Villa Gesell, con obras en las escuelas, en asfalto y cloacas\u201d.<strong> \u201cAhora estamos en otra etapa, alcanzando un 90% de ocupaci\u00f3n en un fin de semana que ser\u00e1 un verdadero \u00e9xito para nuestro municipio\u201d.<\/strong><\/em><\/p>\n<p>&nbsp;<\/p>\n<p><strong><em>\u201cEstamos trabajando para recuperar todo aquello que vinimos a hacer antes de que llegara la pandemia: devolverle la identidad, la integridad y la unidad a nuestra Provincia\u201d<\/em><\/strong>, subray\u00f3 Kicillof y concluy\u00f3: <em>\u201cTenemos m\u00e1s fuerzas que nunca para que renazca la provincia de Buenos Aires y los y las bonaerenses volvamos a reencontrarnos\u201d.<\/em><\/p>\n","protected":false},"excerpt":{"rendered":"<p>Incluye alivios fiscales para servicios de hospedaje, viajes de egresados gratuitos para 220 mil estudiantes, financiamiento para festivales y el<\/p>\n","protected":false},"author":5,"featured_media":34982,"comment_status":"closed","ping_status":"closed","sticky":false,"template":"","format":"standard","meta":{"_jetpack_memberships_contains_paid_content":false,"footnotes":""},"categories":[6,1],"tags":[],"class_list":["post-34980","post","type-post","status-publish","format-standard","has-post-thumbnail","hentry","category-nacionales","category-portada"],"jetpack_featured_media_url":"https:\/\/i0.wp.com\/cdnoticias.com\/wp-content\/uploads\/2021\/10\/20211008110608_IMG_5067-01.jpeg?fit=3668%2C2440&ssl=1","jetpack_sharing_enabled":true,"_links":{"self":[{"href":"https:\/\/cdnoticias.com\/index.php\/wp-json\/wp\/v2\/posts\/34980","targetHints":{"allow":["GET"]}}],"collection":[{"href":"https:\/\/cdnoticias.com\/index.php\/wp-json\/wp\/v2\/posts"}],"about":[{"href":"https:\/\/cdnoticias.com\/index.php\/wp-json\/wp\/v2\/types\/post"}],"author":[{"embeddable":true,"href":"https:\/\/cdnoticias.com\/index.php\/wp-json\/wp\/v2\/users\/5"}],"replies":[{"embeddable":true,"href":"https:\/\/cdnoticias.com\/index.php\/wp-json\/wp\/v2\/comments?post=34980"}],"version-history":[{"count":0,"href":"https:\/\/cdnoticias.com\/index.php\/wp-json\/wp\/v2\/posts\/34980\/revisions"}],"wp:featuredmedia":[{"embeddable":true,"href":"https:\/\/cdnoticias.com\/index.php\/wp-json\/wp\/v2\/media\/34982"}],"wp:attachment":[{"href":"https:\/\/cdnoticias.com\/index.php\/wp-json\/wp\/v2\/media?parent=34980"}],"wp:term":[{"taxonomy":"category","embeddable":true,"href":"https:\/\/cdnoticias.com\/index.php\/wp-json\/wp\/v2\/categories?post=34980"},{"taxonomy":"post_tag","embeddable":true,"href":"https:\/\/cdnoticias.com\/index.php\/wp-json\/wp\/v2\/tags?post=34980"}],"curies":[{"name":"wp","href":"https:\/\/api.w.org\/{rel}","templated":true}]}}