{"id":34974,"date":"2021-10-08T12:36:03","date_gmt":"2021-10-08T15:36:03","guid":{"rendered":"http:\/\/www.centraldenoticias.com.ar\/?p=34974"},"modified":"2021-10-08T15:46:36","modified_gmt":"2021-10-08T18:46:36","slug":"vuelven-las-fiestas-populares-en-olavarria-con-un-aplauso-al-asador","status":"publish","type":"post","link":"https:\/\/cdnoticias.com\/index.php\/2021\/10\/08\/vuelven-las-fiestas-populares-en-olavarria-con-un-aplauso-al-asador\/","title":{"rendered":"Vuelven las fiestas populares en Olavarr\u00eda con \u201cUn aplauso al asador\u201d"},"content":{"rendered":"<p>Ser\u00e1 el domingo 7 de noviembre desde el mediod\u00eda. El martes se podr\u00e1n inscribir instituciones y artistas folkl\u00f3ricos. \u201cEstamos muy contentos\u201d dijo Galli, y anticip\u00f3 que trabajan en la Fiesta de Olavarr\u00eda y los Corsos Oficiales.\u00a0<!--more--><\/p>\n<hr \/>\n<p>En la ma\u00f1ana de este viernes<strong>, el Intendente Municipal anunci\u00f3 el regreso de las fiestas populares: ser\u00e1 a trav\u00e9s de \u201cUn aplauso al asador\u201d que celebrar\u00e1 su edici\u00f3n 36 el domingo 7 de noviembre desde el mediod\u00eda.<\/strong><\/p>\n<p>&nbsp;<\/p>\n<p>Participaron, adem\u00e1s del jefe comunal, el Secretario de Desarrollo Humano y Calidad de Vida, Diego Robbiani, y la subsecretaria de Cultura, Agustina Marino. Tambi\u00e9n acompa\u00f1\u00f3 el presidente del HCD, Bruno Cenizo.<\/p>\n<p>&nbsp;<\/p>\n<p>Galli indic\u00f3 que<em> \u201cestamos muy contentos de anunciar buenas noticias\u201d<\/em> y confirm\u00f3 que <strong><em>\u201cUn aplauso al Asador<\/em><\/strong>\u201d se desarrollar\u00e1 desde el <strong>mediod\u00eda hasta las 19 horas del domingo 7.<\/strong><\/p>\n<p>&nbsp;<\/p>\n<p><em>\u201cEstamos convocando a organizaciones, sociedades de fomento, clubes, entidades que est\u00e9n registradas y se inscriban en La Casa de la Cultura en Coronel Su\u00e1rez 2924, de 8 a 12 horas durante la pr\u00f3xima semana desde el martes 12 hasta el otro martes 19\u201d<\/em> dijo el jefe comunal y agreg\u00f3 que <em>\u201ctambi\u00e9n habr\u00e1 inscripci\u00f3n para artistas folcl\u00f3ricos\u201d,<\/em> aunque se adelant\u00f3 que por protocolo ser\u00e1n menos las bandas que tocar\u00e1n.<strong> Se har\u00e1 un sorteo para que puedan tocar durante toda la jornada.<\/strong><\/p>\n<p>&nbsp;<\/p>\n<blockquote><p>\u201cQueremos que nos acompa\u00f1en y volvamos a tener una fiesta tan importante en su edici\u00f3n n\u00famero 36. Estamos muy contentos\u201d.<\/p><\/blockquote>\n<p>&nbsp;<\/p>\n<p><img data-recalc-dims=\"1\" loading=\"lazy\" decoding=\"async\" class=\"alignnone size-large wp-image-34976\" src=\"https:\/\/i0.wp.com\/cdnoticias.com\/wp-content\/uploads\/2021\/10\/anuncio-aplauso2.jpg?resize=800%2C445&#038;ssl=1\" alt=\"\" width=\"800\" height=\"445\" srcset=\"https:\/\/i0.wp.com\/cdnoticias.com\/wp-content\/uploads\/2021\/10\/anuncio-aplauso2.jpg?resize=1024%2C570&amp;ssl=1 1024w, https:\/\/i0.wp.com\/cdnoticias.com\/wp-content\/uploads\/2021\/10\/anuncio-aplauso2.jpg?resize=300%2C167&amp;ssl=1 300w, https:\/\/i0.wp.com\/cdnoticias.com\/wp-content\/uploads\/2021\/10\/anuncio-aplauso2.jpg?resize=768%2C427&amp;ssl=1 768w, https:\/\/i0.wp.com\/cdnoticias.com\/wp-content\/uploads\/2021\/10\/anuncio-aplauso2.jpg?resize=800%2C445&amp;ssl=1 800w, https:\/\/i0.wp.com\/cdnoticias.com\/wp-content\/uploads\/2021\/10\/anuncio-aplauso2.jpg?w=1600&amp;ssl=1 1600w, https:\/\/i0.wp.com\/cdnoticias.com\/wp-content\/uploads\/2021\/10\/anuncio-aplauso2.jpg?w=2400&amp;ssl=1 2400w\" sizes=\"auto, (max-width: 800px) 100vw, 800px\" \/><\/p>\n<p>&nbsp;<\/p>\n<p>Agustina Marino, en tanto, dio detalles de c\u00f3mo ser\u00e1 la inscripci\u00f3n y los trabajos sanitarios que se realizar\u00e1n en ese sentido: \u201c<em>deben llevar una nota con la intenci\u00f3n de participar del evento y la documentaci\u00f3n correspondiente para empezar a conformar la grilla de artistas e instituciones.<strong> Este Aplauso al Asador ser\u00e1 particular: vamos a extremar los trabajos de salud y bromatolog\u00eda tambi\u00e9n, as\u00ed que las instituciones ser\u00e1n comunicadas sobre las metodolog\u00edas de trabajo<\/strong>\u201d.<\/em><\/p>\n<p>&nbsp;<\/p>\n<blockquote><p>Tambi\u00e9n estar\u00e1 present\u00e1ndose el Ballet Folkl\u00f3rico Municipal y el artista local Jos\u00e9 Lucero Pedraz que har\u00e1 una interpretaci\u00f3n de El Triunfo.<\/p><\/blockquote>\n<p>&nbsp;<\/p>\n<p>Marino explic\u00f3 que por protocolo <em>\u201ctenemos que dejar media hora entre banda y banda para sanitizar y hacer cambio de instrumentos. La grilla estar\u00e1 m\u00e1s acotada, creemos que m\u00e1s o menos seis artistas podr\u00e1n estar sobre el escenario para cubrir la franja horaria hasta las 19 horas\u201d.<\/em><\/p>\n<p>&nbsp;<\/p>\n<p>Adem\u00e1s,<strong><em> \u201clos stands tendr\u00e1n mayor distancia y vamos a asistir con personal por si se generan largas colas y posibles aglomeraciones. Pedimos a todos tener responsabilidad para llevar adelante el evento. Entre todos vamos a poder construir un buen escenario y tener una buena disponibilidad del espacio\u201d<\/em><\/strong>. Destac\u00f3 que se realizar\u00e1 en el mismo sector del Parque Helios Eseverri, pero <em>\u201cse extender\u00e1n algunos metros m\u00e1s para garantizar el distanciamiento\u201d.<\/em><\/p>\n<p>&nbsp;<\/p>\n<p><strong><em>\u201cLa \u00faltima edici\u00f3n tuvo entre 30 y 33 instituciones, es un n\u00famero dif\u00edcil de abordar, pero intentaremos que todos est\u00e9n y adem\u00e1s garantizar el lugar, no irnos demasiado para atr\u00e1s\u201d.<\/em><\/strong><\/p>\n<p>&nbsp;<\/p>\n<p>El Intendente pidi\u00f3 responsabilidad y aprovech\u00f3 para tirar un \u201cpalito\u201d ante la gran necesidad de los vecinos y vecinas de participar de actividades masivas: <em>\u201cqueremos que vuelva la gente a los eventos masivos, con cuidados, pero de a poco. En unos d\u00edas veremos si tuvo impacto por ejemplo el acto en la cancha de Nueva Chicago (Plenario de la Militancia) \u2026<strong>ante esas cosas c\u00f3mo le decimos al vecino que no puede ir al Aplauso al Asador con im\u00e1genes as\u00ed.<\/strong> Con los cuidados al aire libre no deber\u00eda haber inconvenientes\u201d.<\/em><\/p>\n<p>&nbsp;<\/p>\n<p>Tambi\u00e9n se\u00f1al\u00f3, entre risas, que<strong> quienes quieran \u201cpodr\u00e1n bailar\u201d dado que ser\u00e1 al aire libre<\/strong> <em>\u201cy est\u00e1 habilitado para que suceda en espacios cerrados, no vemos por qu\u00e9 no se podr\u00eda bailar en un lugar abierto\u201d.<\/em> Incluso agreg\u00f3 que<strong><em> \u201cquienes bailan son parejas, matrimonios, duermen juntos, bailar no ser\u00eda problema\u201d.<\/em><\/strong><\/p>\n<p>&nbsp;<\/p>\n<p>Finalmente, el mandatario se\u00f1al\u00f3 que<em><strong> \u201cpor ahora no son anuncios\u201d<\/strong> <\/em>pero que se est\u00e1 trabajando<em> \u201cen la Fiesta de Olavarr\u00eda, en los Corsos Oficiales, en las fiestas de las localidades que son tan esperadas. Primero vamos a hacer una evaluaci\u00f3n de lo que suceda el 7 de noviembre y despu\u00e9s seguiremos trabajando para que las fiestas populares regresen a Olavarr\u00eda y las localidades\u201d.<\/em><\/p>\n","protected":false},"excerpt":{"rendered":"<p>Ser\u00e1 el domingo 7 de noviembre desde el mediod\u00eda. El martes se podr\u00e1n inscribir instituciones y artistas folkl\u00f3ricos. \u201cEstamos muy<\/p>\n","protected":false},"author":2,"featured_media":34975,"comment_status":"closed","ping_status":"closed","sticky":false,"template":"","format":"standard","meta":{"_jetpack_memberships_contains_paid_content":false,"footnotes":""},"categories":[5,1],"tags":[],"class_list":["post-34974","post","type-post","status-publish","format-standard","has-post-thumbnail","hentry","category-informacion-general","category-portada"],"jetpack_featured_media_url":"https:\/\/i0.wp.com\/cdnoticias.com\/wp-content\/uploads\/2021\/10\/anuncio-aplauso1.jpg?fit=4608%2C2564&ssl=1","jetpack_sharing_enabled":true,"_links":{"self":[{"href":"https:\/\/cdnoticias.com\/index.php\/wp-json\/wp\/v2\/posts\/34974","targetHints":{"allow":["GET"]}}],"collection":[{"href":"https:\/\/cdnoticias.com\/index.php\/wp-json\/wp\/v2\/posts"}],"about":[{"href":"https:\/\/cdnoticias.com\/index.php\/wp-json\/wp\/v2\/types\/post"}],"author":[{"embeddable":true,"href":"https:\/\/cdnoticias.com\/index.php\/wp-json\/wp\/v2\/users\/2"}],"replies":[{"embeddable":true,"href":"https:\/\/cdnoticias.com\/index.php\/wp-json\/wp\/v2\/comments?post=34974"}],"version-history":[{"count":0,"href":"https:\/\/cdnoticias.com\/index.php\/wp-json\/wp\/v2\/posts\/34974\/revisions"}],"wp:featuredmedia":[{"embeddable":true,"href":"https:\/\/cdnoticias.com\/index.php\/wp-json\/wp\/v2\/media\/34975"}],"wp:attachment":[{"href":"https:\/\/cdnoticias.com\/index.php\/wp-json\/wp\/v2\/media?parent=34974"}],"wp:term":[{"taxonomy":"category","embeddable":true,"href":"https:\/\/cdnoticias.com\/index.php\/wp-json\/wp\/v2\/categories?post=34974"},{"taxonomy":"post_tag","embeddable":true,"href":"https:\/\/cdnoticias.com\/index.php\/wp-json\/wp\/v2\/tags?post=34974"}],"curies":[{"name":"wp","href":"https:\/\/api.w.org\/{rel}","templated":true}]}}