{"id":34937,"date":"2021-10-08T10:40:00","date_gmt":"2021-10-08T13:40:00","guid":{"rendered":"http:\/\/www.centraldenoticias.com.ar\/?p=34937"},"modified":"2021-10-08T10:40:00","modified_gmt":"2021-10-08T13:40:00","slug":"sarachu-el-crecimiento-del-despacho-de-cemento-se-condice-con-la-reactivacion-de-la-construccion","status":"publish","type":"post","link":"https:\/\/cdnoticias.com\/index.php\/2021\/10\/08\/sarachu-el-crecimiento-del-despacho-de-cemento-se-condice-con-la-reactivacion-de-la-construccion\/","title":{"rendered":"Sarachu: &#8220;El crecimiento del despacho de cemento se condice con la reactivaci\u00f3n de la construcci\u00f3n&#8221;"},"content":{"rendered":"<p>El candidato a concejal por el Frente de Todos analiz\u00f3 positivamente las estad\u00edsticas sobre el despacho de cemento en Olavarr\u00eda brindadas por la Asociaci\u00f3n de Fabricantes de Cemento Portland (AFCP).<!--more--><\/p>\n<hr \/>\n<p>Seg\u00fan estad\u00edsticas de la Asociaci\u00f3n de Fabricantes de Cemento Portland (AFCP) <a href=\"https:\/\/cdnoticias.com\/index.php\/2021\/10\/07\/el-despacho-de-cemento-tuvo-uno-de-los-mejores-numeros-de-la-historia\/\" target=\"_blank\" rel=\"noopener\">el despacho de cemento en Olavarr\u00eda super\u00f3 el 1 mill\u00f3n 100 mil toneladas en el mes de septiembre.<\/a> La cifra se posiciona dentro de las mejores de la historia y como la mejor en comparaci\u00f3n con el mismo mes de los \u00faltimos 4 a\u00f1os.<\/p>\n<p>&nbsp;<\/p>\n<p>El<strong> candidato a concejal por el Frente de Todos, Gast\u00f3n Sarachu<\/strong>, evalu\u00f3 el impacto de los n\u00fameros. <em>&#8220;Concretamente, vemos una tendencia creciente, observada desde hace cinco meses, que se traduce en el crecimiento del sector de la construcci\u00f3n, tanto p\u00fablica como privada\u201d,<\/em> sostuvo.<\/p>\n<p>&nbsp;<\/p>\n<p><strong><em>&#8220;Este dato se condice con la reactivaci\u00f3n del sector de la construcci\u00f3n que lleva doce meses de recuperaci\u00f3n ininterrumpida superando los niveles de pre pandemia&#8221;<\/em><\/strong>, explic\u00f3 el candidato Gast\u00f3n Sarachu.<em> &#8220;Adem\u00e1s el empleo formal en la construcci\u00f3n est\u00e1 recuperando cinco mil puestos de trabajo por mes\u201d<\/em>, agreg\u00f3.<\/p>\n<p>&nbsp;<\/p>\n<p><em>&#8220;En septiembre crecieron las ventas de todos los insumos de la construcci\u00f3n como hormig\u00f3n elaborado, ladrillos huecos, mosaicos gran\u00edticos y calc\u00e1reos, y yeso&#8221;<\/em>, explic\u00f3 Sarachu.<\/p>\n","protected":false},"excerpt":{"rendered":"<p>El candidato a concejal por el Frente de Todos analiz\u00f3 positivamente las estad\u00edsticas sobre el despacho de cemento en Olavarr\u00eda<\/p>\n","protected":false},"author":5,"featured_media":34938,"comment_status":"closed","ping_status":"closed","sticky":false,"template":"","format":"standard","meta":{"_jetpack_memberships_contains_paid_content":false,"footnotes":""},"categories":[4,1],"tags":[],"class_list":["post-34937","post","type-post","status-publish","format-standard","has-post-thumbnail","hentry","category-politica","category-portada"],"jetpack_featured_media_url":"https:\/\/i0.wp.com\/cdnoticias.com\/wp-content\/uploads\/2021\/10\/20211007_173810_2.jpg?fit=3915%2C2201&ssl=1","jetpack_sharing_enabled":true,"_links":{"self":[{"href":"https:\/\/cdnoticias.com\/index.php\/wp-json\/wp\/v2\/posts\/34937","targetHints":{"allow":["GET"]}}],"collection":[{"href":"https:\/\/cdnoticias.com\/index.php\/wp-json\/wp\/v2\/posts"}],"about":[{"href":"https:\/\/cdnoticias.com\/index.php\/wp-json\/wp\/v2\/types\/post"}],"author":[{"embeddable":true,"href":"https:\/\/cdnoticias.com\/index.php\/wp-json\/wp\/v2\/users\/5"}],"replies":[{"embeddable":true,"href":"https:\/\/cdnoticias.com\/index.php\/wp-json\/wp\/v2\/comments?post=34937"}],"version-history":[{"count":0,"href":"https:\/\/cdnoticias.com\/index.php\/wp-json\/wp\/v2\/posts\/34937\/revisions"}],"wp:featuredmedia":[{"embeddable":true,"href":"https:\/\/cdnoticias.com\/index.php\/wp-json\/wp\/v2\/media\/34938"}],"wp:attachment":[{"href":"https:\/\/cdnoticias.com\/index.php\/wp-json\/wp\/v2\/media?parent=34937"}],"wp:term":[{"taxonomy":"category","embeddable":true,"href":"https:\/\/cdnoticias.com\/index.php\/wp-json\/wp\/v2\/categories?post=34937"},{"taxonomy":"post_tag","embeddable":true,"href":"https:\/\/cdnoticias.com\/index.php\/wp-json\/wp\/v2\/tags?post=34937"}],"curies":[{"name":"wp","href":"https:\/\/api.w.org\/{rel}","templated":true}]}}