{"id":34929,"date":"2023-05-03T12:09:36","date_gmt":"2023-05-03T15:09:36","guid":{"rendered":"http:\/\/centraldeportes.com.ar\/?p=34929"},"modified":"2025-02-11T16:36:36","modified_gmt":"2025-02-11T19:36:36","slug":"torneo-oficial-de-inferiores-abo-jugaron-parcialmente-la-9","status":"publish","type":"post","link":"https:\/\/cdnoticias.com\/index.php\/2023\/05\/03\/torneo-oficial-de-inferiores-abo-jugaron-parcialmente-la-9\/","title":{"rendered":"Torneo Oficial de Inferiores ABO: jugaron parcialmente la 9\u00b0"},"content":{"rendered":"<p>Entre el s\u00e1bado y el lunes feriado, el Torneo Oficial organizado por la Asociaci\u00f3n de B\u00e1squet de Olavarr\u00eda tuvo acci\u00f3n en diferentes escenarios para dar inicio a la 9\u00b0 fecha que dej\u00f3 pendiente el duelo entre Pueblo Nuevo y Uni\u00f3n y progreso Blanco.<\/p>\n<p><!--more--><\/p>\n<hr \/>\n<p>La actividad formativa tuvo acci\u00f3n en caballeros y femenino con la disputa de varios cotejos oficiales, pero qued\u00f3 un pendiente debido a la disputa del 4\u00b0 Torneo Nacional de newcom que se \u201crob\u00f3\u201d los gimnasios del Club Pueblo Nuevo a lo largo del fin de semana.<\/p>\n<p>&nbsp;<\/p>\n<p>[soliloquy id=&#8221;34936&#8243;]<\/p>\n<p>&nbsp;<\/p>\n<p>En la categor\u00eda masculina, los varones completaron la 9\u00b0 fecha, mientras que en Femenino jugaron los partidos que pudieron coordinar para adelantar la actividad.<\/p>\n<p>&nbsp;<\/p>\n<p>Los resultados:<\/p>\n<p>Loma Negra \u2013 San Mart\u00edn:<br \/>\nMini: 39-39<br \/>\nU15: 46-95<br \/>\nU17: 79-48<\/p>\n<p>Ferro \u2013 Las Flores Basket:<br \/>\nMini: 58-49<br \/>\nU13: 20-00<br \/>\nU15:41-53<br \/>\nU17: 26-81<\/p>\n<p>Chacarita Rojo \u2013 Racing (O) Azul:<br \/>\nMini: 64-21<br \/>\nU13: 65-63<br \/>\nU15: 23-69<br \/>\nU17: 23-118<\/p>\n<p>Chacarita Negro \u2013 Racing (O) Blanco:<br \/>\nU15: 62-47<br \/>\nU17: 91-42<\/p>\n<p>Uni\u00f3n y Progreso Verde \u2013 Independiente:<br \/>\nMini: 38-78<br \/>\nU13: 52-50<br \/>\nU15: 37-91<br \/>\nU17: 90-74<\/p>\n<p>Uni\u00f3n y Progreso Verde \u2013 Independiente Rojo:<br \/>\nU15: 62-14<\/p>\n<p>Racing (L) \u2013 Estudiantes Negro:<br \/>\nMini: 74-33<br \/>\nMini &#8220;B&#8221;: 25-21<br \/>\nU13: 78-29<br \/>\nU15: 41-108<br \/>\nU17: 48-55<\/p>\n<p>Estudiantes Blanco \u2013 Jorge Newbery:<br \/>\nMini: 38-51<br \/>\nU13: 97-64<br \/>\nU15: 45-54<\/p>\n<p>&nbsp;<\/p>\n<p>Femenino:<\/p>\n<p>Loma Negra \u2013 San Mart\u00edn:<br \/>\nMini: 41 \u2013 25<br \/>\nU13: 19-46<br \/>\nU17: 38-40<\/p>\n<p>Ferro \u2013 Loma Negra:<br \/>\nMini: 65-24<br \/>\nU13: 88-10<br \/>\nU17: 48-19<\/p>\n","protected":false},"excerpt":{"rendered":"<p>Entre el s\u00e1bado y el lunes feriado, el Torneo Oficial organizado por la Asociaci\u00f3n de B\u00e1squet de Olavarr\u00eda tuvo acci\u00f3n<\/p>\n","protected":false},"author":96739694,"featured_media":154988,"comment_status":"closed","ping_status":"closed","sticky":false,"template":"","format":"standard","meta":{"_jetpack_memberships_contains_paid_content":false,"footnotes":""},"categories":[31,44,1],"tags":[],"class_list":["post-34929","post","type-post","status-publish","format-standard","has-post-thumbnail","hentry","category-basquet","category-inferiores-basquet","category-portada"],"jetpack_featured_media_url":"https:\/\/i0.wp.com\/cdnoticias.com\/wp-content\/uploads\/2023\/05\/inf-abo-26.jpeg?fit=1280%2C853&ssl=1","jetpack_sharing_enabled":true,"_links":{"self":[{"href":"https:\/\/cdnoticias.com\/index.php\/wp-json\/wp\/v2\/posts\/34929","targetHints":{"allow":["GET"]}}],"collection":[{"href":"https:\/\/cdnoticias.com\/index.php\/wp-json\/wp\/v2\/posts"}],"about":[{"href":"https:\/\/cdnoticias.com\/index.php\/wp-json\/wp\/v2\/types\/post"}],"author":[{"embeddable":true,"href":"https:\/\/cdnoticias.com\/index.php\/wp-json\/wp\/v2\/users\/96739694"}],"replies":[{"embeddable":true,"href":"https:\/\/cdnoticias.com\/index.php\/wp-json\/wp\/v2\/comments?post=34929"}],"version-history":[{"count":0,"href":"https:\/\/cdnoticias.com\/index.php\/wp-json\/wp\/v2\/posts\/34929\/revisions"}],"wp:featuredmedia":[{"embeddable":true,"href":"https:\/\/cdnoticias.com\/index.php\/wp-json\/wp\/v2\/media\/154988"}],"wp:attachment":[{"href":"https:\/\/cdnoticias.com\/index.php\/wp-json\/wp\/v2\/media?parent=34929"}],"wp:term":[{"taxonomy":"category","embeddable":true,"href":"https:\/\/cdnoticias.com\/index.php\/wp-json\/wp\/v2\/categories?post=34929"},{"taxonomy":"post_tag","embeddable":true,"href":"https:\/\/cdnoticias.com\/index.php\/wp-json\/wp\/v2\/tags?post=34929"}],"curies":[{"name":"wp","href":"https:\/\/api.w.org\/{rel}","templated":true}]}}