{"id":34913,"date":"2021-10-09T10:30:16","date_gmt":"2021-10-09T13:30:16","guid":{"rendered":"http:\/\/www.centraldenoticias.com.ar\/?p=34913"},"modified":"2021-10-09T10:46:49","modified_gmt":"2021-10-09T13:46:49","slug":"la-fiscalia-en-violencia-familiar-y-de-genero-cumplio-6-meses-de-labor","status":"publish","type":"post","link":"https:\/\/cdnoticias.com\/index.php\/2021\/10\/09\/la-fiscalia-en-violencia-familiar-y-de-genero-cumplio-6-meses-de-labor\/","title":{"rendered":"La fiscal\u00eda en Violencia Familiar y de G\u00e9nero cumpli\u00f3 6 meses de labor"},"content":{"rendered":"<p>Fue creada a inicios de abril, lo que se tradujo tambi\u00e9n en la reactivaci\u00f3n de la UFI 5. Cifras y la palabra de su titular, la doctora Viviana Beyt\u00eda.<!--more--><\/p>\n<hr \/>\n<p><strong>\u201cMi lema es trabajar en equipo, y se ha superado mis expectativas en cuanto a la integraci\u00f3n de los distintos recursos del Estado para el abordaje de la problem\u00e1tica\u201d.<\/strong> De esa manera la fiscal Viviana Beyt\u00eda emiti\u00f3 su balance y reflexi\u00f3n a<a href=\"https:\/\/cdnoticias.com\/index.php\/2021\/04\/02\/oficializaron-por-resolucion-la-creacion-de-la-fiscalia-especializada-en-genero\/\" target=\"_blank\" rel=\"noopener\"> 6 meses de la creaci\u00f3n de la fiscal\u00eda en Violencia Familiar y de G\u00e9nero<\/a>, que la tiene como m\u00e1xima responsable.<\/p>\n<p>&nbsp;<\/p>\n<p>La declaraci\u00f3n se dio en el marco de una entrevista concedida en las \u00faltimas horas a <em>La Ma\u00f1ana de Radio Universidad en FM 90.1<\/em>. <strong>\u201cMi equipo y yo ven\u00edamos trabajando en la que era la Secretar\u00eda de Violencia Familiar y de G\u00e9nero, pero desde el 5 de abril del 2021, el doctor Sobrino (NdR: El Fiscal General Marcelo Sobrino) decidi\u00f3 elevar el rango a fiscal\u00eda\u201d, explic\u00f3.<\/strong><\/p>\n<p>&nbsp;<\/p>\n<p><iframe id=\"audio_76370033\" style=\"width: 100%;\" src=\"https:\/\/www.ivoox.com\/player_ej_76370033_6_1.html\" height=\"200\" frameborder=\"0\" scrolling=\"no\" allowfullscreen=\"allowfullscreen\"><\/iframe><\/p>\n<p>&nbsp;<\/p>\n<p><strong>Se trata de la Unidad Funcional de Instrucci\u00f3n y Juicio N\u00b0 5, tal cual es su denominaci\u00f3n oficial. El dato a tener en cuenta es que all\u00ed no s\u00f3lo ingresan las denuncias por ese tipo de hechos que sucedan en Olavarr\u00eda, sino tambi\u00e9n en Laprida y General La Madrid.<\/strong> Tal es as\u00ed que relat\u00f3 que el ingreso de nuevas causas es de un promedio cercano a una media docena por d\u00eda. El equipo de trabajo se completa de la secretaria Ver\u00f3nica Colombo y los instructores judiciales Maximiliano Mart\u00edn y Fernanda G\u00f3mez.<\/p>\n<p>&nbsp;<\/p>\n<p>Algunas cifras que sirven para dar cuenta de la labor y causas en tr\u00e1mite es qu<strong>e durante estos 6 meses fueron detenidas 45 personas, adem\u00e1s de la realizaci\u00f3n de 58 audiencias en t\u00e9rminos del art\u00edculo 308 del C\u00f3digo Procesal Penal<\/strong>, ocasi\u00f3n que no solo sirve para dar la posibilidad al acusado de dar su versi\u00f3n de los hechos, sino tambi\u00e9n para imputarlo formalmente.<\/p>\n<p>&nbsp;<\/p>\n<p><img data-recalc-dims=\"1\" loading=\"lazy\" decoding=\"async\" class=\"alignnone size-full wp-image-34916\" src=\"https:\/\/i0.wp.com\/cdnoticias.com\/wp-content\/uploads\/2021\/10\/Beytia01.jpg?resize=800%2C445&#038;ssl=1\" alt=\"\" width=\"800\" height=\"445\" srcset=\"https:\/\/i0.wp.com\/cdnoticias.com\/wp-content\/uploads\/2021\/10\/Beytia01.jpg?w=800&amp;ssl=1 800w, https:\/\/i0.wp.com\/cdnoticias.com\/wp-content\/uploads\/2021\/10\/Beytia01.jpg?resize=300%2C167&amp;ssl=1 300w, https:\/\/i0.wp.com\/cdnoticias.com\/wp-content\/uploads\/2021\/10\/Beytia01.jpg?resize=768%2C427&amp;ssl=1 768w\" sizes=\"auto, (max-width: 800px) 100vw, 800px\" \/><\/p>\n<p>&nbsp;<\/p>\n<p>A la par, entre el 5 de abril y el \u00faltimo 5 de octubre fueron aprehendidas otras 22 personas y <strong>12 individuos se encuentran actualmente con prisi\u00f3n preventiva.<\/strong><\/p>\n<p>&nbsp;<\/p>\n<p>Por \u00faltimo, el detalle al que accedi\u00f3 este portal da cuenta que <strong>37 causas ya fueron elevadas a juicio, 29 de las cuales ya se encuentran radicadas en organismo de juicio a la espera de la instancia de debate<\/strong>. Asimismo, otras 33 causas ya fueron resueltas en juicio abreviado.<\/p>\n<p>&nbsp;<\/p>\n<p><strong>\u201cQuiero felicitar a todos los operadores de los distintos \u00f3rganos que trabajan con nosotros\u201d<\/strong>, a\u00f1adi\u00f3 la funcionaria judicial volviendo a poner el acento en el trabajo mancomunado. All\u00ed no solo resalt\u00f3 la tarea y predisposici\u00f3n de los distintos organismos del Estado, sino tambi\u00e9n de las entidades intermedias. <strong>\u201cTodo es un equipo de trabajo\u201d, subray\u00f3.<\/strong><\/p>\n","protected":false},"excerpt":{"rendered":"<p>Fue creada a inicios de abril, lo que se tradujo tambi\u00e9n en la reactivaci\u00f3n de la UFI 5. Cifras y<\/p>\n","protected":false},"author":2,"featured_media":34915,"comment_status":"closed","ping_status":"closed","sticky":false,"template":"","format":"standard","meta":{"_jetpack_memberships_contains_paid_content":false,"footnotes":""},"categories":[3,1],"tags":[],"class_list":["post-34913","post","type-post","status-publish","format-standard","has-post-thumbnail","hentry","category-genero","category-portada"],"jetpack_featured_media_url":"https:\/\/i0.wp.com\/cdnoticias.com\/wp-content\/uploads\/2021\/10\/Beytia.jpg?fit=800%2C445&ssl=1","jetpack_sharing_enabled":true,"_links":{"self":[{"href":"https:\/\/cdnoticias.com\/index.php\/wp-json\/wp\/v2\/posts\/34913","targetHints":{"allow":["GET"]}}],"collection":[{"href":"https:\/\/cdnoticias.com\/index.php\/wp-json\/wp\/v2\/posts"}],"about":[{"href":"https:\/\/cdnoticias.com\/index.php\/wp-json\/wp\/v2\/types\/post"}],"author":[{"embeddable":true,"href":"https:\/\/cdnoticias.com\/index.php\/wp-json\/wp\/v2\/users\/2"}],"replies":[{"embeddable":true,"href":"https:\/\/cdnoticias.com\/index.php\/wp-json\/wp\/v2\/comments?post=34913"}],"version-history":[{"count":0,"href":"https:\/\/cdnoticias.com\/index.php\/wp-json\/wp\/v2\/posts\/34913\/revisions"}],"wp:featuredmedia":[{"embeddable":true,"href":"https:\/\/cdnoticias.com\/index.php\/wp-json\/wp\/v2\/media\/34915"}],"wp:attachment":[{"href":"https:\/\/cdnoticias.com\/index.php\/wp-json\/wp\/v2\/media?parent=34913"}],"wp:term":[{"taxonomy":"category","embeddable":true,"href":"https:\/\/cdnoticias.com\/index.php\/wp-json\/wp\/v2\/categories?post=34913"},{"taxonomy":"post_tag","embeddable":true,"href":"https:\/\/cdnoticias.com\/index.php\/wp-json\/wp\/v2\/tags?post=34913"}],"curies":[{"name":"wp","href":"https:\/\/api.w.org\/{rel}","templated":true}]}}