{"id":34910,"date":"2021-10-07T16:29:24","date_gmt":"2021-10-07T19:29:24","guid":{"rendered":"http:\/\/www.centraldenoticias.com.ar\/?p=34910"},"modified":"2021-10-07T16:29:24","modified_gmt":"2021-10-07T19:29:24","slug":"el-gobierno-elimino-el-distanciamiento-en-universidades-y-autorizo-la-presencialidad-plena","status":"publish","type":"post","link":"https:\/\/cdnoticias.com\/index.php\/2021\/10\/07\/el-gobierno-elimino-el-distanciamiento-en-universidades-y-autorizo-la-presencialidad-plena\/","title":{"rendered":"El Gobierno elimin\u00f3 el distanciamiento en universidades y autoriz\u00f3 la presencialidad plena"},"content":{"rendered":"<div class=\"td_block_wrap tdb_single_subtitle tdi_72 td-pb-border-top td_block_template_1\" data-td-block-uid=\"tdi_72\">\n<div class=\"tdb-block-inner td-fix-index\">\n<p>El ministro de Educaci\u00f3n traslad\u00f3 a las propias casas de estudios, en coordinaci\u00f3n con los Gobiernos provinciales, la decisi\u00f3n sobre c\u00f3mo realizar las clases de ese nivel.<\/p>\n<\/div>\n<\/div>\n<p><!--more--><\/p>\n<hr \/>\n<p>&nbsp;<\/p>\n<p>El<strong> Gobierno elimin\u00f3 el distanciamiento de 1,5 metros<\/strong> que era <strong>obligatorio en las aulas universitaria<\/strong>s y, de ese modo, <strong>autoriz\u00f3 el retorno a la presencialidad plena en el nivel<\/strong>. A partir de ahora, ser\u00e1n las propias casas de estudios, en coordinaci\u00f3n con las jurisdicciones, las que <strong>definir\u00e1n los pasos a seguir<\/strong>, ya sin las limitaciones de los <strong>protocolos<\/strong> que estaban vigentes.<\/p>\n<p>&nbsp;<\/p>\n<p>Se trata de una<strong> resoluci\u00f3n firmada<\/strong> por el <strong>ministro de Educaci\u00f3n Jaime Perczyk<\/strong>, que <strong>derog\u00f3 una norma vigente desde el 8 de agosto de 2020<\/strong> y traslad\u00f3 a las propias universidades, en coordinaci\u00f3n con los Gobiernos provinciales, la decisi\u00f3n sobre <strong>c\u00f3mo realizar las clases universitarias.<\/strong><\/p>\n<p>&nbsp;<\/p>\n<p>\u201cEstablecer que la<strong> efectiva reanudaci\u00f3n de las actividades acad\u00e9micas presenciales<\/strong> en Universidades e Institutos Universitarios ser\u00e1 decidida por las autoridades provinciales y de la Ciudad Aut\u00f3noma de Buenos Aires, seg\u00fan corresponda, quienes <strong>podr\u00e1n suspender las actividades y reanudarlas conforme a la evoluci\u00f3n de la situaci\u00f3n epidemiol\u00f3gica\u201d<\/strong>, explic\u00f3 la resoluci\u00f3n.<\/p>\n<p>&nbsp;<\/p>\n<p>La <strong>medida fue bien recibida por el sistema universitario.<\/strong> De hecho, hab\u00eda sido uno de los compromisos que Perczyk hab\u00eda asumido la semana pasada en una reuni\u00f3n con el presidente del Consejo Interuniversitario Nacional (CIN), <strong>Rodolfo Tecchi<\/strong>, y el presidente del Consejo de Rectores de Universidades Privadas (CRUP), <strong>Rodolfo De Vincenzi.<\/strong><\/p>\n<p>&nbsp;<\/p>\n<p>En este sentido, el <strong>ministro de Salud porte\u00f1o, Fern\u00e1n Quir\u00f3s<\/strong>, revel\u00f3 este jueves que luego de la decisi\u00f3n del Gobierno nacional <strong>se encuentran \u201ctrabajando intensamente\u201d con los rectores<\/strong> para respetar el compromiso de poner \u201ctodo el foco para <strong>recuperar la presencialidad lo m\u00e1s r\u00e1pido y plena posible\u201d.<\/strong><\/p>\n<p>&nbsp;<\/p>\n<p>\u201cNosotros como <strong>Ministerio de Salud<\/strong> <strong>nos pusimos a disposici\u00f3n de los decanos<\/strong> y lo que esperamos es que los <strong>alumnos tengan la oportunidad de recomponer su formato de aprendizaje<\/strong> adecuado, en algunas situaciones eso significar\u00e1 mantener modelos h\u00edbridos, a distancia con metodolog\u00edas pedag\u00f3gicas adecuadas\u201d, explic\u00f3 Quir\u00f3s.<\/p>\n<p>&nbsp;<\/p>\n<p>Si bien <strong>las universidades<\/strong> avanzaron en el \u00faltimo tiempo, son por amplio margen el <strong>nivel educativo m\u00e1s rezagado en la reapertura.<\/strong> En la mayor\u00eda de los casos, tan solo la <strong>presencialidad est\u00e1 habilitada para las materias pr\u00e1cticas,<\/strong> que requieren la <strong>manipulaci\u00f3n de objetos o la presencia en laboratorios<\/strong>, mientras que las<strong> te\u00f3ricas se siguen dando en modalidad a distancia.<\/strong><\/p>\n<p>&nbsp;<\/p>\n<p>Adem\u00e1s, unos de los <strong>argumentos v\u00e1lidos<\/strong> es que es muy <strong>complejo para los estudiantes del interior tener que ir a Buenos Aires o La Plata<\/strong>, por ejemplo, por <strong>dos o tres meses<\/strong>. De hecho, muchos de los <strong>j\u00f3venes han dejado de alquilar<\/strong> sus viviendas estudiantiles desde el a\u00f1o pasado, <strong>cuando empez\u00f3 la pandemia.<\/strong><\/p>\n<p>&nbsp;<\/p>\n<p><em>Fuente: DIB<\/em><\/p>\n<div class=\"td_block_wrap tdb_single_date tdi_73 td-pb-border-top td_block_template_1 tdb-post-meta\" data-td-block-uid=\"tdi_73\"><\/div>\n<div data-td-block-uid=\"tdi_73\"><\/div>\n","protected":false},"excerpt":{"rendered":"<p>El ministro de Educaci\u00f3n traslad\u00f3 a las propias casas de estudios, en coordinaci\u00f3n con los Gobiernos provinciales, la decisi\u00f3n sobre<\/p>\n","protected":false},"author":6,"featured_media":34911,"comment_status":"closed","ping_status":"closed","sticky":false,"template":"","format":"standard","meta":{"_jetpack_memberships_contains_paid_content":false,"footnotes":""},"categories":[6,1],"tags":[],"class_list":["post-34910","post","type-post","status-publish","format-standard","has-post-thumbnail","hentry","category-nacionales","category-portada"],"jetpack_featured_media_url":"https:\/\/i0.wp.com\/cdnoticias.com\/wp-content\/uploads\/2021\/10\/universitarios.jpg?fit=1624%2C1080&ssl=1","jetpack_sharing_enabled":true,"_links":{"self":[{"href":"https:\/\/cdnoticias.com\/index.php\/wp-json\/wp\/v2\/posts\/34910","targetHints":{"allow":["GET"]}}],"collection":[{"href":"https:\/\/cdnoticias.com\/index.php\/wp-json\/wp\/v2\/posts"}],"about":[{"href":"https:\/\/cdnoticias.com\/index.php\/wp-json\/wp\/v2\/types\/post"}],"author":[{"embeddable":true,"href":"https:\/\/cdnoticias.com\/index.php\/wp-json\/wp\/v2\/users\/6"}],"replies":[{"embeddable":true,"href":"https:\/\/cdnoticias.com\/index.php\/wp-json\/wp\/v2\/comments?post=34910"}],"version-history":[{"count":0,"href":"https:\/\/cdnoticias.com\/index.php\/wp-json\/wp\/v2\/posts\/34910\/revisions"}],"wp:featuredmedia":[{"embeddable":true,"href":"https:\/\/cdnoticias.com\/index.php\/wp-json\/wp\/v2\/media\/34911"}],"wp:attachment":[{"href":"https:\/\/cdnoticias.com\/index.php\/wp-json\/wp\/v2\/media?parent=34910"}],"wp:term":[{"taxonomy":"category","embeddable":true,"href":"https:\/\/cdnoticias.com\/index.php\/wp-json\/wp\/v2\/categories?post=34910"},{"taxonomy":"post_tag","embeddable":true,"href":"https:\/\/cdnoticias.com\/index.php\/wp-json\/wp\/v2\/tags?post=34910"}],"curies":[{"name":"wp","href":"https:\/\/api.w.org\/{rel}","templated":true}]}}