{"id":3491,"date":"2020-10-08T21:03:29","date_gmt":"2020-10-09T00:03:29","guid":{"rendered":"http:\/\/www.centraldenoticias.com.ar\/?p=3491"},"modified":"2020-10-08T21:03:29","modified_gmt":"2020-10-09T00:03:29","slug":"kicillof-analizo-la-situacion-epidemiologica-junto-a-intendentes","status":"publish","type":"post","link":"https:\/\/cdnoticias.com\/index.php\/2020\/10\/08\/kicillof-analizo-la-situacion-epidemiologica-junto-a-intendentes\/","title":{"rendered":"Kicillof analiz\u00f3 la situaci\u00f3n epidemiol\u00f3gica junto a Intendentes\u00a0"},"content":{"rendered":"<p>&nbsp;<\/p>\n<p>El gobernador mantuvo reuniones de forma virtual para comenzar a definir los pr\u00f3ximos pasos del Aislamiento y Distanciamiento Social, Preventivo y Obligatorio. El intendente Ezequiel Galli no estuvo en el encuentro.<!--more--><\/p>\n<hr \/>\n<p>El gobernador Axel Kicillof se reuni\u00f3 este jueves con intendentes e integrantes del Comit\u00e9 de Expertos para analizar la situaci\u00f3n epidemiol\u00f3gica de la Provincia de Buenos Aires y abordar las posibles modificaciones de cara a la pr\u00f3xima etapa del aislamiento y el distanciamiento social, preventivo y obligatorio. <strong>Del encuentro no particip\u00f3 el intendente de nuestra ciudad Ezequiel Galli.<\/strong><\/p>\n<p>&nbsp;<\/p>\n<p>Participaron la vicegobernadora Ver\u00f3nica Magario; el jefe de Gabinete, Carlos Bianco; los ministros de Salud, Daniel Gollan; de Gobierno, Teresa Garc\u00eda; y de Producci\u00f3n, Ciencia e Innovaci\u00f3n Tecnol\u00f3gica, Augusto Costa; y el viceministro de Salud Nicol\u00e1s Kreplak.<\/p>\n<p>&nbsp;<\/p>\n<p>Durante las reuniones,<strong> el Gobernador escuch\u00f3 las recomendaciones de los especialistas y repas\u00f3 las cifras que dan cuenta de una reducci\u00f3n en los casos positivos como en la utilizaci\u00f3n de camas en el sistema hospitalario.<\/strong> Asimismo, hizo hincapi\u00e9 en la situaci\u00f3n m\u00e1s compleja que afronta el interior de la Provincia: <strong><em>\u201cVamos a seguir trabajando en base a protocolos estrictos y estudiando las distintas actividades que se pueden habilitar en las fases en que se encuentre cada municipio\u201d.<\/em><\/strong><\/p>\n<p>&nbsp;<\/p>\n<p><img data-recalc-dims=\"1\" loading=\"lazy\" decoding=\"async\" class=\"alignnone size-large wp-image-3494\" src=\"https:\/\/i0.wp.com\/cdnoticias.com\/wp-content\/uploads\/2020\/10\/D_00046.jpg?resize=800%2C210&#038;ssl=1\" alt=\"\" width=\"800\" height=\"210\" srcset=\"https:\/\/i0.wp.com\/cdnoticias.com\/wp-content\/uploads\/2020\/10\/D_00046.jpg?resize=1024%2C269&amp;ssl=1 1024w, https:\/\/i0.wp.com\/cdnoticias.com\/wp-content\/uploads\/2020\/10\/D_00046.jpg?resize=300%2C79&amp;ssl=1 300w, https:\/\/i0.wp.com\/cdnoticias.com\/wp-content\/uploads\/2020\/10\/D_00046.jpg?resize=768%2C202&amp;ssl=1 768w, https:\/\/i0.wp.com\/cdnoticias.com\/wp-content\/uploads\/2020\/10\/D_00046.jpg?w=1600&amp;ssl=1 1600w, https:\/\/i0.wp.com\/cdnoticias.com\/wp-content\/uploads\/2020\/10\/D_00046.jpg?w=2400&amp;ssl=1 2400w\" sizes=\"auto, (max-width: 800px) 100vw, 800px\" \/><\/p>\n<p>&nbsp;<\/p>\n<p><strong>Kicillof dialog\u00f3 con los jefes municipales y coincidi\u00f3 en que <em>\u201clas actualizaciones y habilitaciones en el marco del ASPO deben estar fundamentadas en las mejoras epidemiol\u00f3gicas<\/em><\/strong><em>\u201d<\/em> y subray\u00f3 <em>\u201cla necesidad de reforzar el cumplimiento de los protocolos\u201d.<\/em><\/p>\n<p>&nbsp;<\/p>\n<blockquote><p>\u201cSeguiremos cada lunes definiendo las fases y, con ellas, las diferentes actividades que pueden realizarse en cada distrito\u201d, agreg\u00f3.<\/p><\/blockquote>\n<p>&nbsp;<\/p>\n<p>Por su parte,<strong> Gollan afirm\u00f3 que hubo un descenso significativo en la utilizaci\u00f3n de camas por COVID en el AMBA y que se est\u00e1 mejorando a\u00fan m\u00e1s la gesti\u00f3n de camas de terapia en toda la Provincia.<\/strong> <em>\u201cEstamos en una meseta alta y con un aumento en el interior. Los indicadores pr\u00e1cticos que estamos mirando son los llamados al 148 en los centros de telemedicina (CETEC), la cantidad de casos, la utilizaci\u00f3n de camas y los testeos\u201d<\/em>, subray\u00f3 el Ministro de Salud.<\/p>\n<p>&nbsp;<\/p>\n<p>Por su parte,<strong> Costa se refiri\u00f3 a la actividad tur\u00edstica:<\/strong> \u201c<em>Desde la Provincia estamos trabajando coordinadamente con el Gobierno nacional y con los distintos municipios que reciben turismo de temporada\u201d<\/em>, y agreg\u00f3: <strong><em>\u201cVamos a tomar en cuenta las especificidades de cada caso, con medidas y pol\u00edticas que permitan tener la mejor temporada posible\u201d.<\/em><\/strong><\/p>\n<p>&nbsp;<\/p>\n<p><img data-recalc-dims=\"1\" loading=\"lazy\" decoding=\"async\" class=\"alignnone size-large wp-image-3495\" src=\"https:\/\/i0.wp.com\/cdnoticias.com\/wp-content\/uploads\/2020\/10\/D_00113.jpg?resize=800%2C233&#038;ssl=1\" alt=\"\" width=\"800\" height=\"233\" srcset=\"https:\/\/i0.wp.com\/cdnoticias.com\/wp-content\/uploads\/2020\/10\/D_00113.jpg?resize=1024%2C298&amp;ssl=1 1024w, https:\/\/i0.wp.com\/cdnoticias.com\/wp-content\/uploads\/2020\/10\/D_00113.jpg?resize=300%2C87&amp;ssl=1 300w, https:\/\/i0.wp.com\/cdnoticias.com\/wp-content\/uploads\/2020\/10\/D_00113.jpg?resize=768%2C224&amp;ssl=1 768w, https:\/\/i0.wp.com\/cdnoticias.com\/wp-content\/uploads\/2020\/10\/D_00113.jpg?w=1600&amp;ssl=1 1600w, https:\/\/i0.wp.com\/cdnoticias.com\/wp-content\/uploads\/2020\/10\/D_00113.jpg?w=2400&amp;ssl=1 2400w\" sizes=\"auto, (max-width: 800px) 100vw, 800px\" \/><\/p>\n<p>&nbsp;<\/p>\n<p>Entre los intendentes de la regi\u00f3n se pudo observar la presencia del<strong> intendente de General La Madrid, Mart\u00edn Randazzo y el intendente de Benito Ju\u00e1rez Julio Marin<\/strong>i, entre otros.<\/p>\n<p>&nbsp;<\/p>\n<p>Del <strong>Comit\u00e9 de Expertos<\/strong> se hicieron presentes Mar\u00eda Ana Huergo, Juan Manuel Carballeda, Rosa Bologna, V\u00edctor Romanowski, Susana Ortale, Guillermo Dur\u00e1n, Rodrigo Quiroga, Jorge Aliaga, Daniel Feierstein, Jorge Rachid, Leonel Tesler, Guillermo Docena, Alberto Kornblihtt, Ezequiel \u00c1lvarez\u00a0 y Sebasti\u00e1n Uchitel, quienes aportaron conocimientos desde sus distintas \u00e1reas sobre las investigaciones que se est\u00e1n realizando, el desarrollo de vacunas y ensayos cl\u00ednicos; y el trabajo de la l\u00ednea 148 sobre la evoluci\u00f3n de los casos.<\/p>\n<p>&nbsp;<\/p>\n<p>Estuvieron presentes tambi\u00e9n en las videoconferencias el director de Gesti\u00f3n del Conocimiento, Mario Rovere; la directora de Epidemiolog\u00eda, Teresa Varela; el jefe de Gabinete de Asesores del Ministerio de Salud, Enio Garc\u00eda; las subsecretarias de Salud Mental, Julieta Calmels; y de Gesti\u00f3n de la Informaci\u00f3n, Educaci\u00f3n Permanente y Fiscalizaci\u00f3n, Leticia Ceriani; y la asesora Laura Mu\u00f1oz. Tambi\u00e9n participaron los presidentes de la Comisi\u00f3n de Investigaciones Cient\u00edficas, Carlos Na\u00f3n; y de IOMA, Homero Giles; y el subsecretario de Ciencia y Tecnolog\u00eda provincial, Federico Ag\u00fcero.<\/p>\n","protected":false},"excerpt":{"rendered":"<p>&nbsp; El gobernador mantuvo reuniones de forma virtual para comenzar a definir los pr\u00f3ximos pasos del Aislamiento y Distanciamiento Social,<\/p>\n","protected":false},"author":5,"featured_media":3496,"comment_status":"closed","ping_status":"closed","sticky":false,"template":"","format":"standard","meta":{"_jetpack_memberships_contains_paid_content":false,"footnotes":""},"categories":[4,1],"tags":[],"class_list":["post-3491","post","type-post","status-publish","format-standard","has-post-thumbnail","hentry","category-politica","category-portada"],"jetpack_featured_media_url":"https:\/\/i0.wp.com\/cdnoticias.com\/wp-content\/uploads\/2020\/10\/Captura-completa.jpg?fit=1366%2C712&ssl=1","jetpack_sharing_enabled":true,"_links":{"self":[{"href":"https:\/\/cdnoticias.com\/index.php\/wp-json\/wp\/v2\/posts\/3491","targetHints":{"allow":["GET"]}}],"collection":[{"href":"https:\/\/cdnoticias.com\/index.php\/wp-json\/wp\/v2\/posts"}],"about":[{"href":"https:\/\/cdnoticias.com\/index.php\/wp-json\/wp\/v2\/types\/post"}],"author":[{"embeddable":true,"href":"https:\/\/cdnoticias.com\/index.php\/wp-json\/wp\/v2\/users\/5"}],"replies":[{"embeddable":true,"href":"https:\/\/cdnoticias.com\/index.php\/wp-json\/wp\/v2\/comments?post=3491"}],"version-history":[{"count":0,"href":"https:\/\/cdnoticias.com\/index.php\/wp-json\/wp\/v2\/posts\/3491\/revisions"}],"wp:featuredmedia":[{"embeddable":true,"href":"https:\/\/cdnoticias.com\/index.php\/wp-json\/wp\/v2\/media\/3496"}],"wp:attachment":[{"href":"https:\/\/cdnoticias.com\/index.php\/wp-json\/wp\/v2\/media?parent=3491"}],"wp:term":[{"taxonomy":"category","embeddable":true,"href":"https:\/\/cdnoticias.com\/index.php\/wp-json\/wp\/v2\/categories?post=3491"},{"taxonomy":"post_tag","embeddable":true,"href":"https:\/\/cdnoticias.com\/index.php\/wp-json\/wp\/v2\/tags?post=3491"}],"curies":[{"name":"wp","href":"https:\/\/api.w.org\/{rel}","templated":true}]}}