{"id":3490,"date":"2020-10-08T19:43:24","date_gmt":"2020-10-08T22:43:24","guid":{"rendered":"http:\/\/www.centraldenoticias.com.ar\/?p=3490"},"modified":"2020-10-08T22:16:51","modified_gmt":"2020-10-09T01:16:51","slug":"coronavirus-fallecio-un-hombre-de-65-anos-y-se-detectaron-69-nuevos-casos","status":"publish","type":"post","link":"https:\/\/cdnoticias.com\/index.php\/2020\/10\/08\/coronavirus-fallecio-un-hombre-de-65-anos-y-se-detectaron-69-nuevos-casos\/","title":{"rendered":"Coronavirus: Falleci\u00f3 un hombre de 65 a\u00f1os y se detectaron 69 nuevos casos"},"content":{"rendered":"<p>El hombre hab\u00eda sido ingresado al hospital local hace tres d\u00edas. El n\u00famero de fallecimiento trep\u00f3 a 44.<\/p>\n<p><!--more--><\/p>\n<hr \/>\n<p>En la jornada de este jueves se produjo otra muerte de un paciente que hab\u00eda dado positivo de coronavirus.<strong> Ya son 44 fallecimientos desde el inicio de la pandemia.<\/strong><\/p>\n<p>&nbsp;<\/p>\n<p>Seg\u00fan se comunic\u00f3 desde el municipio se trata de <strong>un hombre de 65 a\u00f1os \u201cque presentaba comorbilidades previas y estaba internado en la Unidad de Terapia Intensiva del Hospital Municipal \u201cDr. H\u00e9ctor Cura\u201d desde hace tres d\u00edas\u201d.<\/strong> \u201cEl intendente Ezequiel Galli y la Municipalidad de Olavarr\u00eda env\u00edan condolencias a los familiares y amigos de la persona fallecida\u201d, se expres\u00f3.<\/p>\n<p>&nbsp;<\/p>\n<p>A la par, este jueves <strong>se llevaron a cabo 97 testeos, de los cuales 69 resultaron positivos<\/strong>. Tambi\u00e9n esta jornada 35 pacientes fueron dados de alta, por lo que <strong>el n\u00famero de pacientes activos es de 322.<\/strong><\/p>\n<p>&nbsp;<\/p>\n<p><img data-recalc-dims=\"1\" loading=\"lazy\" decoding=\"async\" class=\"alignnone size-large wp-image-3492\" src=\"https:\/\/i0.wp.com\/cdnoticias.com\/wp-content\/uploads\/2020\/10\/parte-5.jpg?resize=800%2C403&#038;ssl=1\" alt=\"\" width=\"800\" height=\"403\" srcset=\"https:\/\/i0.wp.com\/cdnoticias.com\/wp-content\/uploads\/2020\/10\/parte-5.jpg?resize=1024%2C516&amp;ssl=1 1024w, https:\/\/i0.wp.com\/cdnoticias.com\/wp-content\/uploads\/2020\/10\/parte-5.jpg?resize=300%2C151&amp;ssl=1 300w, https:\/\/i0.wp.com\/cdnoticias.com\/wp-content\/uploads\/2020\/10\/parte-5.jpg?resize=768%2C387&amp;ssl=1 768w, https:\/\/i0.wp.com\/cdnoticias.com\/wp-content\/uploads\/2020\/10\/parte-5.jpg?w=1166&amp;ssl=1 1166w\" sizes=\"auto, (max-width: 800px) 100vw, 800px\" \/><\/p>\n<p>&nbsp;<\/p>\n<p>Sobre los nuevos casos la Secretar\u00eda de Salud del Gobierno Municipal inform\u00f3 que corresponden a personal del Servicio Penitenciario, de seguridad, a nexos con positivos anteriores y <strong>se estudia el nexo epidemiol\u00f3gico del 20% de los casos de hoy.<\/strong><\/p>\n<p>&nbsp;<\/p>\n<p>Sobre el estado actual del Hospital, se indic\u00f3 que<strong> hay cinco pacientes en Unidad de Terapia Intensiva, veintid\u00f3s en Cuidados Generales y hay un paciente internado en el sector de Pediatr\u00eda que se encuentra estable<\/strong>. No hubo casos positivos en residencias de Adultos Mayores.<\/p>\n<p>&nbsp;<\/p>\n<p>En este sentido, desde la Secretar\u00eda de Salud Municipal aseguraron que <strong>el 89% de los casos positivos corresponden a personas con menos de 60 a\u00f1os<\/strong> y el 11% a mayores de 60 a\u00f1os.<\/p>\n<p>&nbsp;<\/p>\n<p>&nbsp;<\/p>\n<p>&nbsp;<\/p>\n","protected":false},"excerpt":{"rendered":"<p>El hombre hab\u00eda sido ingresado al hospital local hace tres d\u00edas. El n\u00famero de fallecimiento trep\u00f3 a 44.<\/p>\n","protected":false},"author":3,"featured_media":1001,"comment_status":"closed","ping_status":"closed","sticky":false,"template":"","format":"standard","meta":{"_jetpack_memberships_contains_paid_content":false,"footnotes":""},"categories":[5,1],"tags":[],"class_list":["post-3490","post","type-post","status-publish","format-standard","has-post-thumbnail","hentry","category-informacion-general","category-portada"],"jetpack_featured_media_url":"https:\/\/i0.wp.com\/cdnoticias.com\/wp-content\/uploads\/2020\/09\/HospitalMunicipal02.jpg?fit=4608%2C3072&ssl=1","jetpack_sharing_enabled":true,"_links":{"self":[{"href":"https:\/\/cdnoticias.com\/index.php\/wp-json\/wp\/v2\/posts\/3490","targetHints":{"allow":["GET"]}}],"collection":[{"href":"https:\/\/cdnoticias.com\/index.php\/wp-json\/wp\/v2\/posts"}],"about":[{"href":"https:\/\/cdnoticias.com\/index.php\/wp-json\/wp\/v2\/types\/post"}],"author":[{"embeddable":true,"href":"https:\/\/cdnoticias.com\/index.php\/wp-json\/wp\/v2\/users\/3"}],"replies":[{"embeddable":true,"href":"https:\/\/cdnoticias.com\/index.php\/wp-json\/wp\/v2\/comments?post=3490"}],"version-history":[{"count":0,"href":"https:\/\/cdnoticias.com\/index.php\/wp-json\/wp\/v2\/posts\/3490\/revisions"}],"wp:featuredmedia":[{"embeddable":true,"href":"https:\/\/cdnoticias.com\/index.php\/wp-json\/wp\/v2\/media\/1001"}],"wp:attachment":[{"href":"https:\/\/cdnoticias.com\/index.php\/wp-json\/wp\/v2\/media?parent=3490"}],"wp:term":[{"taxonomy":"category","embeddable":true,"href":"https:\/\/cdnoticias.com\/index.php\/wp-json\/wp\/v2\/categories?post=3490"},{"taxonomy":"post_tag","embeddable":true,"href":"https:\/\/cdnoticias.com\/index.php\/wp-json\/wp\/v2\/tags?post=3490"}],"curies":[{"name":"wp","href":"https:\/\/api.w.org\/{rel}","templated":true}]}}