{"id":34874,"date":"2023-05-01T23:22:59","date_gmt":"2023-05-02T02:22:59","guid":{"rendered":"http:\/\/centraldeportes.com.ar\/?p=34874"},"modified":"2025-02-11T16:36:56","modified_gmt":"2025-02-11T19:36:56","slug":"lujan-volvio-a-caer-y-sigue-sin-poder-sumar-de-a-tres","status":"publish","type":"post","link":"https:\/\/cdnoticias.com\/index.php\/2023\/05\/01\/lujan-volvio-a-caer-y-sigue-sin-poder-sumar-de-a-tres\/","title":{"rendered":"Luj\u00e1n volvi\u00f3 a caer y sigue sin poder sumar de a tres"},"content":{"rendered":"<p>En la continuidad de la 10\u00b0 fecha del Torneo Interligas, el \u201cLujanero\u201d reaccion\u00f3 reci\u00e9n sobre el final del partido, pero perdi\u00f3 4 a 3 frente a Sarmiento de Tapalqu\u00e9 en el sint\u00e9tico del \u201cTete\u201d Di Carlo.<!--more--><\/p>\n<hr \/>\n<p>Dos protagonistas de la <strong>Zona 4<\/strong> se midieron en la tarde de este lunes feriado y le dieron continuidad a la<strong> 10\u00b0 cita del Torneo organizado por la Uni\u00f3n Deportiva Regional<\/strong>. All\u00ed <strong>Luj\u00e1n<\/strong>, que hizo de local en cancha de Embajadores,<strong> perdi\u00f3 4 a 3 ante Sarmiento de Tapalqu\u00e9 y registr\u00f3 su quinto traspi\u00e9 en el campeonato<\/strong>.<\/p>\n<p>&nbsp;<\/p>\n<p>El conjunto olavarriense pag\u00f3 caro los errores en la \u00faltima l\u00ednea y colaps\u00f3 ante un rival ordenado por momentos, pero efectivo en cada jugada que logr\u00f3 hilvanar. <strong>Para destacar la actitud del \u201cLujanero\u201d a pesar de la derrota, porque fue siempre para adelante\u00a0 y sobre el final tuvo algo de recompensa<\/strong>.<\/p>\n<p>&nbsp;<\/p>\n<h6><strong>El partido, los detalles<\/strong><\/h6>\n<p>&nbsp;<\/p>\n<p>Sin ser profundo, los dirigidos por Marchesi comenzaron siendo verticales y poco a poco fueron pisando el \u00e1rea de la \u201cEstrellita\u201d. La primera ocasi\u00f3n clara que gener\u00f3 fue a los 15\u2019 con Pender, que acompa\u00f1\u00f3 la jugada y lleg\u00f3 con lo justo hasta el fondo pero remat\u00f3 desviado.<\/p>\n<p>&nbsp;<\/p>\n<p>No obstante en el minuto 28\u2019, en su primera situaci\u00f3n de peligro, Sarmiento lleg\u00f3 al primer grito sagrado de la tarde. <strong>Con excelente recuperaci\u00f3n en el medio, Gallardo traslad\u00f3 el bal\u00f3n frente a un Luj\u00e1n mal parado en defensa, asisti\u00f3 a Ezequiel Labourdette que defini\u00f3 bien ante la salida de Gonz\u00e1lez y puso el 0 \u2013 1<\/strong>.<\/p>\n<p>&nbsp;<\/p>\n<p>[soliloquy id=&#8221;34854&#8243;]<\/p>\n<p>&nbsp;<\/p>\n<p>Posteriormente, el \u201cLujanero\u201d busc\u00f3 enseguida llegar a la paridad y gener\u00f3 dos llamativas oportunidades. Primero a los 37\u2019 con un disparo de Cano bien controlado por Bustos y m\u00e1s tarde a los 41\u2019 con un cabezazo desviado de Gonzalo Mart\u00ednez que se perdi\u00f3 por la l\u00ednea de fondo. Pese a ello, a minutos del cierre del primer tiempo, <strong>otra contra de Sarmiento que logr\u00f3 profundizar Gallardo, se le escurri\u00f3 de las manos al \u201c1\u201d de Luj\u00e1n y en su intento por rechazar, Ezequiel Arce la termin\u00f3 metiendo en su propio arco y le dio m\u00e1s ventaja a la visita<\/strong>.<\/p>\n<p>&nbsp;<\/p>\n<p>Luj\u00e1n sali\u00f3 golpeado y con cambio de esquema (l\u00ednea de tres en el fondo) a jugar el segundo tiempo. El ingreso de Lautaro Colo le cambi\u00f3 la cara al equipo, tuvo m\u00e1s creaci\u00f3n en la mitad de la cancha y as\u00ed lleg\u00f3 al descuento.<strong> Corr\u00edan 55\u2019 en el cron\u00f3metro y tras un mal despeje de Sarmiento previo a un c\u00f3rner, apareci\u00f3 Tom\u00e1s Cano con un derechazo con direcci\u00f3n de red para el 1 \u2013 2 parcial<\/strong>.<\/p>\n<p>&nbsp;<\/p>\n<p>Las variantes realizadas por Vieytes surtieron efecto en la \u201cEstrellita\u201d tapalquense, sobre todo la de<strong> L\u00e1zaro Echeverr\u00eda<\/strong>. El reci\u00e9n ingresado<strong> marc\u00f3 el 1 \u2013 3 a los 67\u2019, donde le gan\u00f3 el duelo a Orradre y qued\u00f3 mano a mano con Gonz\u00e1lez y m\u00e1s tarde a los 78\u2019<\/strong>, gentilmente cedi\u00f3 con pase al medio Gallardo (recuper\u00f3 desde la \u00faltima l\u00ednea olavarriense) y Echeverr\u00eda <strong>solo la tuvo que empujar a la red. Fue el 1 \u2013 4<\/strong>.<\/p>\n<p>&nbsp;<\/p>\n<h6><strong>A minutos del cierre lleg\u00f3 la reacci\u00f3n amarilla<\/strong><\/h6>\n<p>En menos de 7 minutos, el equipo de Marchesi se puso a tiro en el marcador. Primero<strong> Lautaro Colo se encarg\u00f3 de poner el 2 \u2013 4 a los 82\u2019<\/strong> y tres minutos m\u00e1s tarde, <strong>a los 87\u2019, Yair Orradre en la \u201cposici\u00f3n del 9\u201d empuj\u00f3 al gol luego de una segunda pelota y concret\u00f3 el 3 \u2013 4 definitivo<\/strong>.<\/p>\n<p>&nbsp;<\/p>\n<p>Con este resultado, <strong>Luj\u00e1n se ubica en el sexto lugar de la Zona 4 con 3 unidades<\/strong> (3 empates y 5 derrotas) y <strong>en la pr\u00f3xima fecha ser\u00e1 visitante de Porte\u00f1o de Cachar\u00ed<\/strong>.<\/p>\n<p>&nbsp;<\/p>\n<p><strong>S\u00edntesis Luj\u00e1n \u2013 Sarmiento: \u00a0<\/strong><\/p>\n<p><strong>Luj\u00e1n (3):<\/strong> Diego Gonz\u00e1lez; Marcelo Travers (L. Colo), Yair Orradre, Ezequiel Arce (G. Quinteros), Pedro Pender; Miqueas Oliveto, Alejandro Mart\u00ednez (N. Monje), Ariel San Juli\u00e1n, Orfel Mendiz\u00e1bal; Tom\u00e1s Cano y Gonzalo Mart\u00ednez (S. Oliveto). DT: Juan Manuel Marchesi.<\/p>\n<p><strong>Sarmiento (4): <\/strong>Maximiliano Bustos; Andr\u00e9s Cufr\u00e9, Pablo Pallero, Esteban Garc\u00eda, Juan Ignacio V\u00e9lez; Guido Gim\u00e9nez (B. Feula), Kevin Ardiles (R. Fern\u00e1ndez), Nicol\u00e1s Grossm\u00fcller; Iv\u00e1n Frutos (L. Echeverr\u00eda), Juan Cruz Gallardo y Ezequiel Labourdette. DT: Fernando Vieytes.<\/p>\n<p><strong>Goles<\/strong>: 28m. PT Ezequiel Labourdette (S), 42m. PT Ezequiel Arce e\/c (S); 10m. ST Tom\u00e1s Cano (L), 22m. ST y 33m. ST L\u00e1zaro Echeverr\u00eda (S), 37m. ST Lautaro Colo (L) y 43m. ST Yair Orradre(L).<\/p>\n<p><strong>Amonestados<\/strong>: Ardiles (Sarmiento).<\/p>\n<p><strong>Expulsados<\/strong>: No hubo.<\/p>\n<p><strong>\u00c1rbitro<\/strong>: Jer\u00f3nimo Gallo. <strong>Estadio<\/strong>: Clemente &#8220;Tete&#8221; Di Carlo.<\/p>\n<p><strong>Reserva:<\/strong> Luj\u00e1n <strong>1 \u2013 4<\/strong> Sarmiento.<\/p>\n","protected":false},"excerpt":{"rendered":"<p>En la continuidad de la 10\u00b0 fecha del Torneo Interligas, el \u201cLujanero\u201d reaccion\u00f3 reci\u00e9n sobre el final del partido, pero<\/p>\n","protected":false},"author":96739694,"featured_media":155019,"comment_status":"closed","ping_status":"closed","sticky":false,"template":"","format":"standard","meta":{"_jetpack_memberships_contains_paid_content":false,"footnotes":""},"categories":[35,1,41],"tags":[],"class_list":["post-34874","post","type-post","status-publish","format-standard","has-post-thumbnail","hentry","category-futbol","category-portada","category-primera-y-reserva"],"jetpack_featured_media_url":"https:\/\/i0.wp.com\/cdnoticias.com\/wp-content\/uploads\/2023\/05\/lujan-sarmiento-6.jpeg?fit=1500%2C1000&ssl=1","jetpack_sharing_enabled":true,"_links":{"self":[{"href":"https:\/\/cdnoticias.com\/index.php\/wp-json\/wp\/v2\/posts\/34874","targetHints":{"allow":["GET"]}}],"collection":[{"href":"https:\/\/cdnoticias.com\/index.php\/wp-json\/wp\/v2\/posts"}],"about":[{"href":"https:\/\/cdnoticias.com\/index.php\/wp-json\/wp\/v2\/types\/post"}],"author":[{"embeddable":true,"href":"https:\/\/cdnoticias.com\/index.php\/wp-json\/wp\/v2\/users\/96739694"}],"replies":[{"embeddable":true,"href":"https:\/\/cdnoticias.com\/index.php\/wp-json\/wp\/v2\/comments?post=34874"}],"version-history":[{"count":0,"href":"https:\/\/cdnoticias.com\/index.php\/wp-json\/wp\/v2\/posts\/34874\/revisions"}],"wp:featuredmedia":[{"embeddable":true,"href":"https:\/\/cdnoticias.com\/index.php\/wp-json\/wp\/v2\/media\/155019"}],"wp:attachment":[{"href":"https:\/\/cdnoticias.com\/index.php\/wp-json\/wp\/v2\/media?parent=34874"}],"wp:term":[{"taxonomy":"category","embeddable":true,"href":"https:\/\/cdnoticias.com\/index.php\/wp-json\/wp\/v2\/categories?post=34874"},{"taxonomy":"post_tag","embeddable":true,"href":"https:\/\/cdnoticias.com\/index.php\/wp-json\/wp\/v2\/tags?post=34874"}],"curies":[{"name":"wp","href":"https:\/\/api.w.org\/{rel}","templated":true}]}}