{"id":34865,"date":"2021-10-07T09:11:05","date_gmt":"2021-10-07T12:11:05","guid":{"rendered":"http:\/\/www.centraldenoticias.com.ar\/?p=34865"},"modified":"2021-10-07T11:54:20","modified_gmt":"2021-10-07T14:54:20","slug":"el-despacho-de-cemento-tuvo-uno-de-los-mejores-numeros-de-la-historia","status":"publish","type":"post","link":"https:\/\/cdnoticias.com\/index.php\/2021\/10\/07\/el-despacho-de-cemento-tuvo-uno-de-los-mejores-numeros-de-la-historia\/","title":{"rendered":"\u201cEl despacho de cemento tuvo uno de los mejores n\u00fameros de la historia\u201d"},"content":{"rendered":"<p>El subsecretario de Miner\u00eda, Federico Aguilera, anunci\u00f3 que el despacho super\u00f3 las 1.100.000 toneladas, uno de los mejores n\u00fameros de los \u00faltimos cuatro a\u00f1os. El total anual ser\u00eda el mejor de los \u00faltimos cinco a\u00f1os.\u00a0<!--more--><\/p>\n<hr \/>\n<p>Conocido el<strong> relevamiento de la Asociaci\u00f3n de Fabricantes de Cemento Portland (AFCP)<\/strong> con datos del mes de septiembre,<strong> el subsecretario de Miner\u00eda Federico Aguilera inform\u00f3 que el despacho super\u00f3 las 1.100.000 toneladas, siendo uno de los mejores n\u00fameros de los \u00faltimos cuatro a\u00f1os<em> \u201cy de la historia\u201d.<\/em><\/strong><\/p>\n<p>&nbsp;<\/p>\n<p>Es que en la comparativa,<strong> el despacho tuvo un crecimiento interanual del 7,4%, poni\u00e9ndolo entre los despachos m\u00e1s importantes de los \u00faltimos seis a\u00f1os. En la comparaci\u00f3n mensual, hubo un crecimiento del 2,3%.<\/strong><\/p>\n<p>&nbsp;<\/p>\n<blockquote><p>El acumulado durante 2021, en tanto, lleva un crecimiento del 31,9%, pero se debe se\u00f1alar que se compara con 2020, un a\u00f1o donde al menos tres meses hubo un derrumbe del despacho producto de la pandemia.<\/p><\/blockquote>\n<p>&nbsp;<\/p>\n<p>Comparado con a\u00f1os anteriores, <strong>2021 est\u00e1 muy cerca de romper con la marca m\u00e1s alta de los \u00faltimos a\u00f1os, que data del a\u00f1o 2017.<\/strong> Es decir, el despacho ser\u00eda el mejor de los \u00faltimos cinco a\u00f1os.<\/p>\n<p>&nbsp;<\/p>\n<p>Aguilera se\u00f1al\u00f3 en su cuenta de Twitter que<em> \u201caunque parezcan n\u00fameros fr\u00edos, los mismos dan cuenta del incremento de la obra p\u00fablica y privada generadora de empleo, dando comienzo al camino de la reactivaci\u00f3n econ\u00f3mica y productiva\u201d.<\/em><\/p>\n","protected":false},"excerpt":{"rendered":"<p>El subsecretario de Miner\u00eda, Federico Aguilera, anunci\u00f3 que el despacho super\u00f3 las 1.100.000 toneladas, uno de los mejores n\u00fameros de<\/p>\n","protected":false},"author":2,"featured_media":31325,"comment_status":"closed","ping_status":"closed","sticky":false,"template":"","format":"standard","meta":{"_jetpack_memberships_contains_paid_content":false,"footnotes":""},"categories":[5,1],"tags":[],"class_list":["post-34865","post","type-post","status-publish","format-standard","has-post-thumbnail","hentry","category-informacion-general","category-portada"],"jetpack_featured_media_url":"https:\/\/i0.wp.com\/cdnoticias.com\/wp-content\/uploads\/2021\/08\/cemento.jpg?fit=800%2C445&ssl=1","jetpack_sharing_enabled":true,"_links":{"self":[{"href":"https:\/\/cdnoticias.com\/index.php\/wp-json\/wp\/v2\/posts\/34865","targetHints":{"allow":["GET"]}}],"collection":[{"href":"https:\/\/cdnoticias.com\/index.php\/wp-json\/wp\/v2\/posts"}],"about":[{"href":"https:\/\/cdnoticias.com\/index.php\/wp-json\/wp\/v2\/types\/post"}],"author":[{"embeddable":true,"href":"https:\/\/cdnoticias.com\/index.php\/wp-json\/wp\/v2\/users\/2"}],"replies":[{"embeddable":true,"href":"https:\/\/cdnoticias.com\/index.php\/wp-json\/wp\/v2\/comments?post=34865"}],"version-history":[{"count":0,"href":"https:\/\/cdnoticias.com\/index.php\/wp-json\/wp\/v2\/posts\/34865\/revisions"}],"wp:featuredmedia":[{"embeddable":true,"href":"https:\/\/cdnoticias.com\/index.php\/wp-json\/wp\/v2\/media\/31325"}],"wp:attachment":[{"href":"https:\/\/cdnoticias.com\/index.php\/wp-json\/wp\/v2\/media?parent=34865"}],"wp:term":[{"taxonomy":"category","embeddable":true,"href":"https:\/\/cdnoticias.com\/index.php\/wp-json\/wp\/v2\/categories?post=34865"},{"taxonomy":"post_tag","embeddable":true,"href":"https:\/\/cdnoticias.com\/index.php\/wp-json\/wp\/v2\/tags?post=34865"}],"curies":[{"name":"wp","href":"https:\/\/api.w.org\/{rel}","templated":true}]}}